{"id":1571,"date":"2023-02-21T13:14:00","date_gmt":"2023-02-21T12:14:00","guid":{"rendered":"https:\/\/www.smart-rail-campus.de\/?p=1571"},"modified":"2023-03-30T10:00:53","modified_gmt":"2023-03-30T08:00:53","slug":"save-the-date-digital-rail-convention-2023","status":"publish","type":"post","link":"https:\/\/www.smart-rail-campus.de\/?p=1571","title":{"rendered":"Save the date: Digital Rail Convention 2023"},"content":{"rendered":"\t\t<div data-elementor-type=\"wp-post\" data-elementor-id=\"1571\" class=\"elementor elementor-1571\">\n\t\t\t\t\t\t<section class=\"elementor-section elementor-top-section elementor-element elementor-element-efbbac7 elementor-section-boxed elementor-section-height-default elementor-section-height-default\" data-id=\"efbbac7\" data-element_type=\"section\" data-e-type=\"section\">\n\t\t\t\t\t\t<div class=\"elementor-container elementor-column-gap-default\">\n\t\t\t\t\t<div class=\"elementor-column elementor-col-100 elementor-top-column elementor-element elementor-element-9c27b06\" data-id=\"9c27b06\" data-element_type=\"column\" data-e-type=\"column\">\n\t\t\t<div class=\"elementor-widget-wrap elementor-element-populated\">\n\t\t\t\t\t\t<div class=\"elementor-element elementor-element-97562b6 elementor-widget elementor-widget-text-editor\" data-id=\"97562b6\" data-element_type=\"widget\" data-e-type=\"widget\" data-widget_type=\"text-editor.default\">\n\t\t\t\t<div class=\"elementor-widget-container\">\n\t\t\t\t\t\t\t\t\t<section class=\"elementor-section elementor-top-section elementor-element elementor-element-26540f3 elementor-section-boxed elementor-section-height-default elementor-section-height-default\" data-id=\"26540f3\" data-element_type=\"section\"><div class=\"elementor-container elementor-column-gap-default\"><div class=\"elementor-column elementor-col-50 elementor-top-column elementor-element elementor-element-cdfebef\" data-id=\"cdfebef\" data-element_type=\"column\"><div class=\"elementor-widget-wrap elementor-element-populated\"><div class=\"elementor-element elementor-element-ceda4d2 elementor-widget elementor-widget-heading\" data-id=\"ceda4d2\" data-element_type=\"widget\" data-widget_type=\"heading.default\"><div class=\"elementor-widget-container\"><h2 class=\"elementor-heading-title elementor-size-default\">Save the date!<\/h2><\/div><\/div><\/div><\/div><\/div><\/section><section class=\"elementor-section elementor-top-section elementor-element elementor-element-72ce8d5 elementor-section-boxed elementor-section-height-default elementor-section-height-default\" data-id=\"72ce8d5\" data-element_type=\"section\"><div class=\"elementor-container elementor-column-gap-default\"><div class=\"elementor-column elementor-col-100 elementor-top-column elementor-element elementor-element-398f4e1\" data-id=\"398f4e1\" data-element_type=\"column\"><div class=\"elementor-widget-wrap elementor-element-populated\"><div class=\"elementor-element elementor-element-e9dff65 elementor-widget elementor-widget-text-editor\" data-id=\"e9dff65\" data-element_type=\"widget\" data-widget_type=\"text-editor.default\"><div class=\"elementor-widget-container\"><div><p>Liebe Netzwerkpartnerinnen und Netzwerkpartner,<\/p><div class=\"scriptor-paragraph\">Liebe Vereinsmitglieder,<\/div><div class=\"scriptor-paragraph\">Liebe Unterst\u00fctzerinnen, Unterst\u00fctzer und Interessenten,<\/div><div class=\"scriptor-paragraph\">\u00a0<\/div><div class=\"scriptor-paragraph\">die Rail &amp; Digital Mobility User Conference, die Vorstellung des ersten f\u00fcr den Personenverkehr zugelassenen batterieelektrischen Triebzuges sowie der DemoDay sind Beispiele f\u00fcr die vielf\u00e4ltigen Erinnerungen, die wir mit der <a href=\"https:\/\/eur03.safelinks.protection.outlook.com\/?url=https%3A%2F%2Fwww.smart-rail-campus.de%2F%3Fp%3D338&amp;data=05%7C01%7Cwanda.brinke%40deutschebahn.com%7C25ad445d4eef45df031608dafe18cfeb%7Ca1a72d9c49e64f6d9af65aafa1183bfd%7C0%7C0%7C638101679897307623%7CUnknown%7CTWFpbGZsb3d8eyJWIjoiMC4wLjAwMDAiLCJQIjoiV2luMzIiLCJBTiI6Ik1haWwiLCJXVCI6Mn0%3D%7C1000%7C%7C%7C&amp;sdata=gCtL8KenNFFD4MYeWb4K6MSf5vA7WWLcmfR9IDFlkOk%3D&amp;reserved=0\"><span role=\"link\">Digital Rail Convention von 2021<\/span><\/a> verbinden.<\/div><div>\u00a0<\/div><div class=\"scriptor-paragraph\">Da der SRCC und wichtige Partner aus Wirtschaft, Forschung und Politik den Anspruch haben, einen dauerhaften Innovationsknotenpunkt im Erzgebirge zu etablieren, werden wir auch in diesem Jahr wieder eine Convention rund um das Thema Innovationen und Digitalisierung im Schienenverkehr veranstalten.<\/div><div>\u00a0<\/div><div class=\"scriptor-paragraph\">Merken Sie sich schon jetzt den <strong>20. bis 22. September 2023<\/strong> vor, um an der Digital Rail Convention 2023 in Annaberg-Buchholz teilzunehmen.<\/div><div class=\"scriptor-paragraph\">Es erwarten Sie verschiedene H\u00f6hepunkte:<\/div><ul class=\"\"><li class=\"scriptor-listItemlist!list-7d787e38-3635-4755-b83d-cd8051aa9fdf0\">ein Konferenztag mit spannenden Vortr\u00e4gen, Diskussionen und Workshops zu verschiedensten Themen<\/li><li class=\"scriptor-listItemlist!list-7d787e38-3635-4755-b83d-cd8051aa9fdf0\">ein Demo Day entlang der von DB RegioNetz Erzgebirgsbahn betriebenen Strecke mit verschiedenen Stationen, wie z. B. in Scheibenberg zum Digitalen Testfeld Bahn sowie<\/li><li class=\"scriptor-listItemlist!list-7d787e38-3635-4755-b83d-cd8051aa9fdf0\">als Abschluss ein \u00d6ffentlichkeitstag, unter anderem f\u00fcr Schulen aus der Region.<\/li><\/ul><div class=\"scriptor-paragraph\">\u00a0Wir freuen uns bereits jetzt \u00fcber Interessensbekundungen an <a href=\"mailto:drc@smart-rail-campus.de\"><span role=\"link\">drc@smart-rail-campus.de<\/span><\/a>.<\/div><div class=\"scriptor-paragraph\">\u00a0<\/div><div class=\"scriptor-paragraph\">\u00a0Weitere Informationen finden Sie auf unserer DRC-Homepage unter:\u00a0 <a href=\"https:\/\/www.bahn-forschung.com\/\">https:\/\/www.bahn-forschung.com\/<\/a><\/div><\/div><\/div><\/div><\/div><\/div><\/div><\/section>\t\t\t\t\t\t\t\t<\/div>\n\t\t\t\t<\/div>\n\t\t\t\t\t<\/div>\n\t\t<\/div>\n\t\t\t\t\t<\/div>\n\t\t<\/section>\n\t\t\t\t<\/div>\n\t\t","protected":false},"excerpt":{"rendered":"<p>Save the date! Liebe Netzwerkpartnerinnen und Netzwerkpartner, Liebe Vereinsmitglieder,Liebe Unterst\u00fctzerinnen, Unterst\u00fctzer und Interessenten,\u00a0die Rail &amp; Digital Mobility User Conference, die Vorstellung des ersten f\u00fcr den Personenverkehr zugelassenen batterieelektrischen Triebzuges sowie der DemoDay sind Beispiele f\u00fcr die vielf\u00e4ltigen Erinnerungen, die wir mit der Digital Rail Convention von 2021 verbinden.\u00a0Da der SRCC und wichtige Partner aus Wirtschaft, [&hellip;]<\/p>\n","protected":false},"author":1,"featured_media":1583,"comment_status":"closed","ping_status":"closed","sticky":false,"template":"","format":"standard","meta":{"footnotes":""},"categories":[1,67,10,8],"tags":[46,35],"class_list":{"0":"post-1571","1":"post","2":"type-post","3":"status-publish","4":"format-standard","5":"has-post-thumbnail","6":"hentry","7":"category-allgemein","8":"category-drc","9":"category-event","10":"category-news","11":"tag-digital-rail-convention","12":"tag-veranstaltung","14":"post-with-thumbnail","15":"post-with-thumbnail-large"},"_links":{"self":[{"href":"https:\/\/www.smart-rail-campus.de\/index.php?rest_route=\/wp\/v2\/posts\/1571","targetHints":{"allow":["GET"]}}],"collection":[{"href":"https:\/\/www.smart-rail-campus.de\/index.php?rest_route=\/wp\/v2\/posts"}],"about":[{"href":"https:\/\/www.smart-rail-campus.de\/index.php?rest_route=\/wp\/v2\/types\/post"}],"author":[{"embeddable":true,"href":"https:\/\/www.smart-rail-campus.de\/index.php?rest_route=\/wp\/v2\/users\/1"}],"replies":[{"embeddable":true,"href":"https:\/\/www.smart-rail-campus.de\/index.php?rest_route=%2Fwp%2Fv2%2Fcomments&post=1571"}],"version-history":[{"count":8,"href":"https:\/\/www.smart-rail-campus.de\/index.php?rest_route=\/wp\/v2\/posts\/1571\/revisions"}],"predecessor-version":[{"id":1723,"href":"https:\/\/www.smart-rail-campus.de\/index.php?rest_route=\/wp\/v2\/posts\/1571\/revisions\/1723"}],"wp:featuredmedia":[{"embeddable":true,"href":"https:\/\/www.smart-rail-campus.de\/index.php?rest_route=\/wp\/v2\/media\/1583"}],"wp:attachment":[{"href":"https:\/\/www.smart-rail-campus.de\/index.php?rest_route=%2Fwp%2Fv2%2Fmedia&parent=1571"}],"wp:term":[{"taxonomy":"category","embeddable":true,"href":"https:\/\/www.smart-rail-campus.de\/index.php?rest_route=%2Fwp%2Fv2%2Fcategories&post=1571"},{"taxonomy":"post_tag","embeddable":true,"href":"https:\/\/www.smart-rail-campus.de\/index.php?rest_route=%2Fwp%2Fv2%2Ftags&post=1571"}],"curies":[{"name":"wp","href":"https:\/\/api.w.org\/{rel}","templated":true}]}}