{"id":2821,"date":"2023-12-07T15:02:22","date_gmt":"2023-12-07T14:02:22","guid":{"rendered":"https:\/\/www.smart-rail-campus.de\/?p=2821"},"modified":"2025-02-18T17:17:16","modified_gmt":"2025-02-18T16:17:16","slug":"futuresax-innovationsboerse-smarte-infrastrukturen-im-laendlichen-raum-wie-wir-morgen-wohnen-leben","status":"publish","type":"post","link":"https:\/\/www.smart-rail-campus.de\/?p=2821","title":{"rendered":"futureSAX Innovationsb\u00f6rse &#8222;Smarte Infrastrukturen im l\u00e4ndlichen Raum \u2013 Wie wir morgen wohnen &#038; leben&#8220;"},"content":{"rendered":"\t\t<div data-elementor-type=\"wp-post\" data-elementor-id=\"2821\" class=\"elementor elementor-2821\">\n\t\t\t\t\t\t<section class=\"elementor-section elementor-top-section elementor-element elementor-element-03c31b8 elementor-section-boxed elementor-section-height-default elementor-section-height-default\" data-id=\"03c31b8\" data-element_type=\"section\" data-e-type=\"section\">\n\t\t\t\t\t\t<div class=\"elementor-container elementor-column-gap-default\">\n\t\t\t\t\t<div class=\"elementor-column elementor-col-100 elementor-top-column elementor-element elementor-element-f0b19cd\" data-id=\"f0b19cd\" data-element_type=\"column\" data-e-type=\"column\">\n\t\t\t<div class=\"elementor-widget-wrap elementor-element-populated\">\n\t\t\t\t\t\t<div class=\"elementor-element elementor-element-f8f8bd7 elementor-widget elementor-widget-text-editor\" data-id=\"f8f8bd7\" data-element_type=\"widget\" data-e-type=\"widget\" data-widget_type=\"text-editor.default\">\n\t\t\t\t<div class=\"elementor-widget-container\">\n\t\t\t\t\t\t\t\t\t<p>Am Dienstag, den 05.12.2023, fand die futureSAX Innovationsb\u00f6rse am Smart Rail Connectivity Campus statt. Die Veranstaltung stand unter dem Motto &#8222;Smarte Infrastrukturen im l\u00e4ndlichen Raum \u2013 Wie wir morgen wohnen &amp; leben&#8220; und bot Fachexperten und Interessierten einen tiefen Einblick in die aktuellen Entwicklungen und Herausforderungen bei der Integration intelligenter Infrastrukturen in l\u00e4ndlichen Gebieten.<br \/>In einer er\u00f6ffnenden Begr\u00fc\u00dfung durch Fabienne Lang, Projektmanagerin bei futureSAX, und S\u00f6ren Claus, Vorstandsmitglied des SRCC e.V. und Gesch\u00e4ftsf\u00fchrer der SRCC gGmbH, sowie einleitenden Worten durch B\u00fcrgermeister Thomas Proksch erhielten die Teilnehmer eine Einf\u00fchrung in die Thematik und die Perspektive der Stadt Annaberg-Buchholz zu diesem zukunftsweisenden Thema.<br \/>Martin Benedict, Chief Digital Officer von Smart City Zw\u00f6nitz, beleuchtete in einem Impulsvortrag die komplexen Herausforderungen, denen sich Kommunen im l\u00e4ndlichen Raum gegen\u00fcbersehen \u2013 sei es in infrastruktureller, sozialer oder technologischer Hinsicht.<\/p><p>Die Veranstaltung setzte den Fokus auf technische und soziale Infrastrukturen gleicherma\u00dfen. Unternehmer und Innovatoren pr\u00e4sentierten ihre L\u00f6sungen f\u00fcr technologische Herausforderungen, darunter digitales Energiemanagement, die Nutzung von 5G im Bahnbetrieb, intelligente Mobilit\u00e4tsl\u00f6sungen und der Einsatz digitaler Geb\u00e4udezwillinge.<br \/>Ein weiterer Schwerpunkt lag auf den sozialen Infrastrukturen. Vordenker aus Bildung, Pflege, Kultur, Freizeit und Gesundheitswesen stellten innovative Ans\u00e4tze vor, darunter smartes Praktikumsmatching, Mobilit\u00e4t f\u00fcr Senioren und Konzepte zur Steigerung der Lebensqualit\u00e4t.<\/p><p>In vertiefenden Workshops diskutierten die Teilnehmerinnen und Teilnehmer anschlie\u00dfend Wechselwirkungen und Potenziale zwischen technischen und sozialen Infrastrukturen. Themen wie Automatisierung, digitale Balance, alternative Wohnformen im Alter und die Erreichbarkeit zentraler Orte wurden intensiv beleuchtet.<\/p><p>Nach den Workshops hatten die Teilnehmerinnen und Teilnehmer die Gelegenheit w\u00e4hrend des Mittagessens vertiefende Gespr\u00e4che zu den vorherigen Themen zu f\u00fchren.<\/p><p>Die Veranstaltung schloss mit einem Rundgang durch den Showroom der Frauscher Sensortechnik Deutschland GmbH im Campus. Auch hier nutzen die G\u00e4ste noch einmal die Gelegenheit sich intensiv auszutauschen.<\/p><p>Die Veranstaltung &#8222;Smarte Infrastrukturen im l\u00e4ndlichen Raum&#8220; bot nicht nur einen Einblick in aktuelle Entwicklungen, sondern schuf auch Raum f\u00fcr eine intensive Diskussion \u00fcber die Zukunft der l\u00e4ndlichen Lebensqualit\u00e4t. Innovationsfreude, fachlicher Austausch und praxisnahe Einblicke pr\u00e4gten diesen inspirierenden Tag.<\/p>\t\t\t\t\t\t\t\t<\/div>\n\t\t\t\t<\/div>\n\t\t\t\t\t<\/div>\n\t\t<\/div>\n\t\t\t\t\t<\/div>\n\t\t<\/section>\n\t\t\t\t<section class=\"elementor-section elementor-top-section elementor-element elementor-element-d6f930c elementor-section-boxed elementor-section-height-default elementor-section-height-default\" data-id=\"d6f930c\" data-element_type=\"section\" data-e-type=\"section\">\n\t\t\t\t\t\t<div class=\"elementor-container elementor-column-gap-default\">\n\t\t\t\t\t<div class=\"elementor-column elementor-col-100 elementor-top-column elementor-element elementor-element-699d868\" data-id=\"699d868\" data-element_type=\"column\" data-e-type=\"column\">\n\t\t\t<div class=\"elementor-widget-wrap elementor-element-populated\">\n\t\t\t\t\t\t<div class=\"elementor-element elementor-element-09e274b elementor-widget elementor-widget-image-gallery\" data-id=\"09e274b\" data-element_type=\"widget\" data-e-type=\"widget\" data-widget_type=\"image-gallery.default\">\n\t\t\t\t<div class=\"elementor-widget-container\">\n\t\t\t\t\t\t\t<div class=\"elementor-image-gallery\">\n\t\t\t\n\t\t<style type=\"text\/css\">\n\t\t\t#gallery-1 {\n\t\t\t\tmargin: auto;\n\t\t\t}\n\t\t\t#gallery-1 .gallery-item {\n\t\t\t\tfloat: left;\n\t\t\t\tmargin-top: 10px;\n\t\t\t\ttext-align: center;\n\t\t\t\twidth: 33%;\n\t\t\t}\n\t\t\t#gallery-1 img {\n\t\t\t\tborder: 2px solid #cfcfcf;\n\t\t\t}\n\t\t\t#gallery-1 .gallery-caption {\n\t\t\t\tmargin-left: 0;\n\t\t\t}\n\t\t\t\/* see gallery_shortcode() in wp-includes\/media.php *\/\n\t\t<\/style>\n\t\t<div id='gallery-1' class='gallery galleryid-2821 gallery-columns-3 gallery-size-thumbnail'><dl class='gallery-item'>\n\t\t\t<dt class='gallery-icon landscape'>\n\t\t\t\t<a data-elementor-open-lightbox=\"yes\" data-elementor-lightbox-slideshow=\"09e274b\" data-elementor-lightbox-title=\"komprimiert_DSC1035\" data-e-action-hash=\"#elementor-action%3Aaction%3Dlightbox%26settings%3DeyJpZCI6MjgyNSwidXJsIjoiaHR0cHM6XC9cL3d3dy5zbWFydC1yYWlsLWNhbXB1cy5kZVwvd3AtY29udGVudFwvdXBsb2Fkc1wvMjAyM1wvMTJcL2tvbXByaW1pZXJ0X0RTQzEwMzUtc2NhbGVkLmpwZyIsInNsaWRlc2hvdyI6IjA5ZTI3NGIifQ%3D%3D\" href='https:\/\/www.smart-rail-campus.de\/wp-content\/uploads\/2023\/12\/komprimiert_DSC1035-scaled.jpg'><img decoding=\"async\" width=\"150\" height=\"150\" src=\"https:\/\/www.smart-rail-campus.de\/wp-content\/uploads\/2023\/12\/komprimiert_DSC1035-150x150.jpg\" class=\"attachment-thumbnail size-thumbnail\" alt=\"\" aria-describedby=\"gallery-1-2825\" \/><\/a>\n\t\t\t<\/dt>\n\t\t\t\t<dd class='wp-caption-text gallery-caption' id='gallery-1-2825'>\n\t\t\t\tZur Er\u00f6ffnung der Veranstaltung richtete B\u00fcrgermeister Thomas Proksch das Wort an unsere G\u00e4ste.\n\t\t\t\t<\/dd><\/dl><dl class='gallery-item'>\n\t\t\t<dt class='gallery-icon landscape'>\n\t\t\t\t<a data-elementor-open-lightbox=\"yes\" data-elementor-lightbox-slideshow=\"09e274b\" data-elementor-lightbox-title=\"PXL_20231205_095346862\" data-e-action-hash=\"#elementor-action%3Aaction%3Dlightbox%26settings%3DeyJpZCI6MjgyNywidXJsIjoiaHR0cHM6XC9cL3d3dy5zbWFydC1yYWlsLWNhbXB1cy5kZVwvd3AtY29udGVudFwvdXBsb2Fkc1wvMjAyM1wvMTJcL1BYTF8yMDIzMTIwNV8wOTUzNDY4NjItc2NhbGVkLmpwZyIsInNsaWRlc2hvdyI6IjA5ZTI3NGIifQ%3D%3D\" href='https:\/\/www.smart-rail-campus.de\/wp-content\/uploads\/2023\/12\/PXL_20231205_095346862-scaled.jpg'><img decoding=\"async\" width=\"150\" height=\"150\" src=\"https:\/\/www.smart-rail-campus.de\/wp-content\/uploads\/2023\/12\/PXL_20231205_095346862-150x150.jpg\" class=\"attachment-thumbnail size-thumbnail\" alt=\"\" aria-describedby=\"gallery-1-2827\" \/><\/a>\n\t\t\t<\/dt>\n\t\t\t\t<dd class='wp-caption-text gallery-caption' id='gallery-1-2827'>\n\t\t\t\tIn den Workshops nutzten die Teilnehmenden, um \u00fcber die Fragen &#8222;Welche Wechselwirkungen und Synergien gibt es f\u00fcr technische Infrastruktur Anbieter im Bereich soziale Infrastruktur?&#8220; und &#8222;Welche Wechselwirkungen und Synergien gibt es f\u00fcr soziale Infrastruktur Anbieter im Bereich technische Infrastruktur?&#8220; zu diskutieren.\n\t\t\t\t<\/dd><\/dl><dl class='gallery-item'>\n\t\t\t<dt class='gallery-icon landscape'>\n\t\t\t\t<a data-elementor-open-lightbox=\"yes\" data-elementor-lightbox-slideshow=\"09e274b\" data-elementor-lightbox-title=\"komprimiert_DSC1084\" data-e-action-hash=\"#elementor-action%3Aaction%3Dlightbox%26settings%3DeyJpZCI6MjgyNiwidXJsIjoiaHR0cHM6XC9cL3d3dy5zbWFydC1yYWlsLWNhbXB1cy5kZVwvd3AtY29udGVudFwvdXBsb2Fkc1wvMjAyM1wvMTJcL2tvbXByaW1pZXJ0X0RTQzEwODQtc2NhbGVkLmpwZyIsInNsaWRlc2hvdyI6IjA5ZTI3NGIifQ%3D%3D\" href='https:\/\/www.smart-rail-campus.de\/wp-content\/uploads\/2023\/12\/komprimiert_DSC1084-scaled.jpg'><img decoding=\"async\" width=\"150\" height=\"150\" src=\"https:\/\/www.smart-rail-campus.de\/wp-content\/uploads\/2023\/12\/komprimiert_DSC1084-150x150.jpg\" class=\"attachment-thumbnail size-thumbnail\" alt=\"\" aria-describedby=\"gallery-1-2826\" \/><\/a>\n\t\t\t<\/dt>\n\t\t\t\t<dd class='wp-caption-text gallery-caption' id='gallery-1-2826'>\n\t\t\t\tZum Abschluss der Veranstaltung besichtigten die G\u00e4ste den Showroom von Frauscher Sensortechnik im Campusgeb\u00e4ude.\n\t\t\t\t<\/dd><\/dl><br style=\"clear: both\" \/><dl class='gallery-item'>\n\t\t\t<dt class='gallery-icon landscape'>\n\t\t\t\t<a data-elementor-open-lightbox=\"yes\" data-elementor-lightbox-slideshow=\"09e274b\" data-elementor-lightbox-title=\"komprimiert_DSC1033\" data-e-action-hash=\"#elementor-action%3Aaction%3Dlightbox%26settings%3DeyJpZCI6MjgyMywidXJsIjoiaHR0cHM6XC9cL3d3dy5zbWFydC1yYWlsLWNhbXB1cy5kZVwvd3AtY29udGVudFwvdXBsb2Fkc1wvMjAyM1wvMTJcL2tvbXByaW1pZXJ0X0RTQzEwMzMtc2NhbGVkLmpwZyIsInNsaWRlc2hvdyI6IjA5ZTI3NGIifQ%3D%3D\" href='https:\/\/www.smart-rail-campus.de\/wp-content\/uploads\/2023\/12\/komprimiert_DSC1033-scaled.jpg'><img loading=\"lazy\" decoding=\"async\" width=\"150\" height=\"150\" src=\"https:\/\/www.smart-rail-campus.de\/wp-content\/uploads\/2023\/12\/komprimiert_DSC1033-150x150.jpg\" class=\"attachment-thumbnail size-thumbnail\" alt=\"\" aria-describedby=\"gallery-1-2823\" \/><\/a>\n\t\t\t<\/dt>\n\t\t\t\t<dd class='wp-caption-text gallery-caption' id='gallery-1-2823'>\n\t\t\t\tS\u00f6ren Claus, Gesch\u00e4ftsf\u00fchrer der SRCC gGmbH, und Fabienne Lang, Projektmanagerin Innovations &#038; Mentoring bei futureSAX, begr\u00fc\u00dften die G\u00e4ste.\n\t\t\t\t<\/dd><\/dl><dl class='gallery-item'>\n\t\t\t<dt class='gallery-icon landscape'>\n\t\t\t\t<a data-elementor-open-lightbox=\"yes\" data-elementor-lightbox-slideshow=\"09e274b\" data-elementor-lightbox-title=\"PXL_20231205_102217347\" data-e-action-hash=\"#elementor-action%3Aaction%3Dlightbox%26settings%3DeyJpZCI6MjgyOCwidXJsIjoiaHR0cHM6XC9cL3d3dy5zbWFydC1yYWlsLWNhbXB1cy5kZVwvd3AtY29udGVudFwvdXBsb2Fkc1wvMjAyM1wvMTJcL1BYTF8yMDIzMTIwNV8xMDIyMTczNDctc2NhbGVkLmpwZyIsInNsaWRlc2hvdyI6IjA5ZTI3NGIifQ%3D%3D\" href='https:\/\/www.smart-rail-campus.de\/wp-content\/uploads\/2023\/12\/PXL_20231205_102217347-scaled.jpg'><img loading=\"lazy\" decoding=\"async\" width=\"150\" height=\"150\" src=\"https:\/\/www.smart-rail-campus.de\/wp-content\/uploads\/2023\/12\/PXL_20231205_102217347-150x150.jpg\" class=\"attachment-thumbnail size-thumbnail\" alt=\"\" aria-describedby=\"gallery-1-2828\" \/><\/a>\n\t\t\t<\/dt>\n\t\t\t\t<dd class='wp-caption-text gallery-caption' id='gallery-1-2828'>\n\t\t\t\tDas vielf\u00e4ltige Buffet f\u00fcr die Veranstaltung wurde von Yalla Grillhaus gestellt.\n\t\t\t\t<\/dd><\/dl>\n\t\t\t<br style='clear: both' \/>\n\t\t<\/div>\n\t\t<\/div>\n\t\t\t\t\t\t<\/div>\n\t\t\t\t<\/div>\n\t\t\t\t\t<\/div>\n\t\t<\/div>\n\t\t\t\t\t<\/div>\n\t\t<\/section>\n\t\t\t\t<\/div>\n\t\t","protected":false},"excerpt":{"rendered":"<p>Am Dienstag, den 05.12.2023, fand die futureSAX Innovationsb\u00f6rse am Smart Rail Connectivity Campus statt. Die Veranstaltung stand unter dem Motto &#8222;Smarte Infrastrukturen im l\u00e4ndlichen Raum \u2013 Wie wir morgen wohnen &amp; leben&#8220; und bot Fachexperten und Interessierten einen tiefen Einblick in die aktuellen Entwicklungen und Herausforderungen bei der Integration intelligenter Infrastrukturen in l\u00e4ndlichen Gebieten. In [&hellip;]<\/p>\n","protected":false},"author":1,"featured_media":2822,"comment_status":"closed","ping_status":"closed","sticky":false,"template":"","format":"standard","meta":{"footnotes":""},"categories":[1,8,109],"tags":[21,14],"class_list":{"0":"post-2821","1":"post","2":"type-post","3":"status-publish","4":"format-standard","5":"has-post-thumbnail","6":"hentry","7":"category-allgemein","8":"category-news","9":"category-workshop","10":"tag-forschungscampus","11":"tag-srcc-netzwerk","13":"post-with-thumbnail","14":"post-with-thumbnail-large"},"_links":{"self":[{"href":"https:\/\/www.smart-rail-campus.de\/index.php?rest_route=\/wp\/v2\/posts\/2821","targetHints":{"allow":["GET"]}}],"collection":[{"href":"https:\/\/www.smart-rail-campus.de\/index.php?rest_route=\/wp\/v2\/posts"}],"about":[{"href":"https:\/\/www.smart-rail-campus.de\/index.php?rest_route=\/wp\/v2\/types\/post"}],"author":[{"embeddable":true,"href":"https:\/\/www.smart-rail-campus.de\/index.php?rest_route=\/wp\/v2\/users\/1"}],"replies":[{"embeddable":true,"href":"https:\/\/www.smart-rail-campus.de\/index.php?rest_route=%2Fwp%2Fv2%2Fcomments&post=2821"}],"version-history":[{"count":5,"href":"https:\/\/www.smart-rail-campus.de\/index.php?rest_route=\/wp\/v2\/posts\/2821\/revisions"}],"predecessor-version":[{"id":4605,"href":"https:\/\/www.smart-rail-campus.de\/index.php?rest_route=\/wp\/v2\/posts\/2821\/revisions\/4605"}],"wp:featuredmedia":[{"embeddable":true,"href":"https:\/\/www.smart-rail-campus.de\/index.php?rest_route=\/wp\/v2\/media\/2822"}],"wp:attachment":[{"href":"https:\/\/www.smart-rail-campus.de\/index.php?rest_route=%2Fwp%2Fv2%2Fmedia&parent=2821"}],"wp:term":[{"taxonomy":"category","embeddable":true,"href":"https:\/\/www.smart-rail-campus.de\/index.php?rest_route=%2Fwp%2Fv2%2Fcategories&post=2821"},{"taxonomy":"post_tag","embeddable":true,"href":"https:\/\/www.smart-rail-campus.de\/index.php?rest_route=%2Fwp%2Fv2%2Ftags&post=2821"}],"curies":[{"name":"wp","href":"https:\/\/api.w.org\/{rel}","templated":true}]}}