{"id":3857,"date":"2024-02-28T09:13:41","date_gmt":"2024-02-28T08:13:41","guid":{"rendered":"https:\/\/www.smart-rail-campus.de\/?p=3857"},"modified":"2024-04-10T14:49:31","modified_gmt":"2024-04-10T12:49:31","slug":"wir-stellen-ein","status":"publish","type":"post","link":"https:\/\/www.smart-rail-campus.de\/?p=3857","title":{"rendered":"Wir stellen ein!"},"content":{"rendered":"\t\t<div data-elementor-type=\"wp-post\" data-elementor-id=\"3857\" class=\"elementor elementor-3857\">\n\t\t\t\t\t\t<section class=\"elementor-section elementor-top-section elementor-element elementor-element-84625ed elementor-section-boxed elementor-section-height-default elementor-section-height-default\" data-id=\"84625ed\" data-element_type=\"section\" data-e-type=\"section\">\n\t\t\t\t\t\t<div class=\"elementor-container elementor-column-gap-default\">\n\t\t\t\t\t<div class=\"elementor-column elementor-col-100 elementor-top-column elementor-element elementor-element-963a957\" data-id=\"963a957\" data-element_type=\"column\" data-e-type=\"column\">\n\t\t\t<div class=\"elementor-widget-wrap elementor-element-populated\">\n\t\t\t\t\t\t<div class=\"elementor-element elementor-element-4b1a1be elementor-widget elementor-widget-heading\" data-id=\"4b1a1be\" data-element_type=\"widget\" data-e-type=\"widget\" data-widget_type=\"heading.default\">\n\t\t\t\t<div class=\"elementor-widget-container\">\n\t\t\t\t\t<h2 class=\"elementor-heading-title elementor-size-default\">\ud83d\ude80 Spannende Karrierechance am Smart Rail Connectivity Campus (SRCC) ...<\/h2>\t\t\t\t<\/div>\n\t\t\t\t<\/div>\n\t\t\t\t\t<\/div>\n\t\t<\/div>\n\t\t\t\t\t<\/div>\n\t\t<\/section>\n\t\t\t\t<section class=\"elementor-section elementor-top-section elementor-element elementor-element-af4b767 elementor-section-boxed elementor-section-height-default elementor-section-height-default\" data-id=\"af4b767\" data-element_type=\"section\" data-e-type=\"section\">\n\t\t\t\t\t\t<div class=\"elementor-container elementor-column-gap-default\">\n\t\t\t\t\t<div class=\"elementor-column elementor-col-100 elementor-top-column elementor-element elementor-element-703e48d\" data-id=\"703e48d\" data-element_type=\"column\" data-e-type=\"column\">\n\t\t\t<div class=\"elementor-widget-wrap elementor-element-populated\">\n\t\t\t\t\t\t<div class=\"elementor-element elementor-element-e0df850 elementor-widget elementor-widget-heading\" data-id=\"e0df850\" data-element_type=\"widget\" data-e-type=\"widget\" data-widget_type=\"heading.default\">\n\t\t\t\t<div class=\"elementor-widget-container\">\n\t\t\t\t\t<h2 class=\"elementor-heading-title elementor-size-default\">... als Netzwerkmanager!<\/h2>\t\t\t\t<\/div>\n\t\t\t\t<\/div>\n\t\t\t\t\t<\/div>\n\t\t<\/div>\n\t\t\t\t\t<\/div>\n\t\t<\/section>\n\t\t\t\t<section class=\"elementor-section elementor-top-section elementor-element elementor-element-4262ee8 elementor-section-boxed elementor-section-height-default elementor-section-height-default\" data-id=\"4262ee8\" data-element_type=\"section\" data-e-type=\"section\">\n\t\t\t\t\t\t<div class=\"elementor-container elementor-column-gap-default\">\n\t\t\t\t\t<div class=\"elementor-column elementor-col-100 elementor-top-column elementor-element elementor-element-e8a6367\" data-id=\"e8a6367\" data-element_type=\"column\" data-e-type=\"column\">\n\t\t\t<div class=\"elementor-widget-wrap elementor-element-populated\">\n\t\t\t\t\t\t<div class=\"elementor-element elementor-element-56d4012 elementor-widget elementor-widget-text-editor\" data-id=\"56d4012\" data-element_type=\"widget\" data-e-type=\"widget\" data-widget_type=\"text-editor.default\">\n\t\t\t\t<div class=\"elementor-widget-container\">\n\t\t\t\t\t\t\t\t\t<p>Der SRCC in Annaberg-Buchholz ist einer von vier Standorten des Deutschen Zentrums f\u00fcr Mobilit\u00e4t der Zukunft (DZM). <br \/>Mit dem DZM erhalten zukunftstr\u00e4chtige Mobilit\u00e4tsideen in verschiedenen Anwendungsdom\u00e4nen sowie Ans\u00e4tze angewandter Forschung und Vorentwicklung einen Projektverbund, welcher deutschlandweit Kapazit\u00e4ten und Ressourcen b\u00fcndelt und so internationale Strahlkraft entfaltet. <br \/>Im Bereich von Innovationen des digitalisierten Schienenverkehrs mit seinen vielseitigen Schnittstellen zu anderen Mobilit\u00e4tsformen wird sich der SRCC in das DZM-Netzwerk einbringen.<\/p><p>Werden Sie Teil unseres Teams!<br \/>\u27a1 Bringen Sie die Gestaltung und Entwicklung des SRCC-Netzwerks im Rahmen des Deutschen Zentrums f\u00fcr Mobilit\u00e4t voran!<br \/>\u27a1 \u00dcbernehmen Sie die Moderation und Steuerung des Netzwerkes!<br \/>\u27a1 Akquirieren Sie neue Partner!<\/p><p>Wenn Sie die Zusammenarbeit in einem interdisziplin\u00e4ren, hoch motivierten Team reizt, sollten Sie folgende Voraussetzungen mitbringen:<\/p><ul><li>abgeschlossenes Hochschulstudium im Bereich Ingenieurwissenschaften, Wirtschaftswissenschaften, Wirtschaftsingenieurwesen oder vergleichbarer Disziplinen,<\/li><li>analytisches Denkverm\u00f6gen, effiziente und eigenst\u00e4ndige Arbeitsweise,<\/li><li>F\u00e4higkeit zu strategischem und konzeptionellem Denken,<\/li><li>Erfahrungen im Netzwerkmanagement (vorzugsweise mit Schwerpunkt im Mobilit\u00e4tssektor),<\/li><li>sehr gutes schriftliches und m\u00fcndliches Ausdrucksverm\u00f6gen in deutscher Sprache sowie anwendungsbereite Englischkenntnisse,<\/li><li>Organisationsverm\u00f6gen, Kommunikationsf\u00e4higkeit, team- und ergebnisorientierter Arbeitsstil, Flexibilit\u00e4t und Belastbarkeit sowie Bereitschaft zu Dienstreisen.<\/li><\/ul>\t\t\t\t\t\t\t\t<\/div>\n\t\t\t\t<\/div>\n\t\t\t\t\t<\/div>\n\t\t<\/div>\n\t\t\t\t\t<\/div>\n\t\t<\/section>\n\t\t\t\t<section class=\"elementor-section elementor-top-section elementor-element elementor-element-9383fdb elementor-section-boxed elementor-section-height-default elementor-section-height-default\" data-id=\"9383fdb\" data-element_type=\"section\" data-e-type=\"section\">\n\t\t\t\t\t\t<div class=\"elementor-container elementor-column-gap-default\">\n\t\t\t\t\t<div class=\"elementor-column elementor-col-100 elementor-top-column elementor-element elementor-element-a0d669d\" data-id=\"a0d669d\" data-element_type=\"column\" data-e-type=\"column\">\n\t\t\t<div class=\"elementor-widget-wrap elementor-element-populated\">\n\t\t\t\t\t\t<div class=\"elementor-element elementor-element-8853319 elementor-widget elementor-widget-button\" data-id=\"8853319\" data-element_type=\"widget\" data-e-type=\"widget\" data-widget_type=\"button.default\">\n\t\t\t\t<div class=\"elementor-widget-container\">\n\t\t\t\t\t\t\t\t\t<div class=\"elementor-button-wrapper\">\n\t\t\t\t\t<a class=\"elementor-button elementor-size-sm\" role=\"button\">\n\t\t\t\t\t\t<span class=\"elementor-button-content-wrapper\">\n\t\t\t\t\t\t<span class=\"elementor-button-icon\">\n\t\t\t\t<i aria-hidden=\"true\" class=\"fas fa-hand-point-right\"><\/i>\t\t\t<\/span>\n\t\t\t\t\t\t\t\t\t<span class=\"elementor-button-text\">Bewerbungsfrist abgelaufen<\/span>\n\t\t\t\t\t<\/span>\n\t\t\t\t\t<\/a>\n\t\t\t\t<\/div>\n\t\t\t\t\t\t\t\t<\/div>\n\t\t\t\t<\/div>\n\t\t\t\t\t<\/div>\n\t\t<\/div>\n\t\t\t\t\t<\/div>\n\t\t<\/section>\n\t\t\t\t<section class=\"elementor-section elementor-top-section elementor-element elementor-element-adc179c elementor-section-boxed elementor-section-height-default elementor-section-height-default\" data-id=\"adc179c\" data-element_type=\"section\" data-e-type=\"section\">\n\t\t\t\t\t\t<div class=\"elementor-container elementor-column-gap-default\">\n\t\t\t\t\t<div class=\"elementor-column elementor-col-100 elementor-top-column elementor-element elementor-element-e0193e4\" data-id=\"e0193e4\" data-element_type=\"column\" data-e-type=\"column\">\n\t\t\t<div class=\"elementor-widget-wrap elementor-element-populated\">\n\t\t\t\t\t\t<div class=\"elementor-element elementor-element-71adb9b elementor-widget elementor-widget-heading\" data-id=\"71adb9b\" data-element_type=\"widget\" data-e-type=\"widget\" data-widget_type=\"heading.default\">\n\t\t\t\t<div class=\"elementor-widget-container\">\n\t\t\t\t\t<h2 class=\"elementor-heading-title elementor-size-default\">... als wissenschaftliche\/r Mitarbeiter\/in f\u00fcr die innovativen Bahntechnikprojekte \n\n\u201eMulti-Path-Communication\u201c und \u201eAutarke und netzunabh\u00e4ngige Versorgung von (Leit-)Technik in Bahnanlagen\u201c<\/h2>\t\t\t\t<\/div>\n\t\t\t\t<\/div>\n\t\t\t\t\t<\/div>\n\t\t<\/div>\n\t\t\t\t\t<\/div>\n\t\t<\/section>\n\t\t\t\t<section class=\"elementor-section elementor-top-section elementor-element elementor-element-19acb13 elementor-section-boxed elementor-section-height-default elementor-section-height-default\" data-id=\"19acb13\" data-element_type=\"section\" data-e-type=\"section\">\n\t\t\t\t\t\t<div class=\"elementor-container elementor-column-gap-default\">\n\t\t\t\t\t<div class=\"elementor-column elementor-col-100 elementor-top-column elementor-element elementor-element-873f3be\" data-id=\"873f3be\" data-element_type=\"column\" data-e-type=\"column\">\n\t\t\t<div class=\"elementor-widget-wrap elementor-element-populated\">\n\t\t\t\t\t\t<div class=\"elementor-element elementor-element-58462f6 elementor-widget elementor-widget-text-editor\" data-id=\"58462f6\" data-element_type=\"widget\" data-e-type=\"widget\" data-widget_type=\"text-editor.default\">\n\t\t\t\t<div class=\"elementor-widget-container\">\n\t\t\t\t\t\t\t\t\t<p>\ud83d\ude84 Der SRCC e.V. ist federf\u00fchrend beiden beiden Projekten im Bereich der Leit- und Sicherungstechnik.<\/p><p>Werden Sie Teil unseres Teams!<br \/>\u27a1Arbeiten Sie inhaltlich an innovativen Forschungsthemen im Bereich der Leit- und Sicherungstechnik mit!<\/p><p>\u27a1 \u00dcbernehmen Sie die fachliche und inhaltliche Koordination der Projekte!<\/p><p>Sind Sie bereit, Ihre F\u00e4higkeiten in einem innovativen Umfeld unter Beweis zu stellen? Dann sollten Sie folgende Qualifikationen mitbringen:<\/p><ul><li>abgeschlossenes Hochschulstudium im Bereich Ingenieurwissenschaften, Wirtschaftsingenieurwesen oder vergleichbarer Disziplinen,<\/li><li>analytisches Denkverm\u00f6gen, effiziente und eigenst\u00e4ndige Arbeitsweise,<\/li><li>F\u00e4higkeit zu strategischem und konzeptionellem Denken,<\/li><li>Erfahrungen im Projektmanagement,<\/li><li>sehr gutes schriftliches und m\u00fcndliches Ausdrucksverm\u00f6gen in deutscher Sprache sowie anwendungsbereite Englischkenntnisse,<\/li><li>Organisationsverm\u00f6gen, Kommunikationsf\u00e4higkeit, team- und ergebnisorientierter Arbeitsstil, Flexibilit\u00e4t und Belastbarkeit sowie Bereitschaft zu Dienstreisen.<\/li><\/ul><p>Arbeitsort: Annaberg-Buchholz, mit M\u00f6glichkeit zur mobilen Arbeit.<\/p>\t\t\t\t\t\t\t\t<\/div>\n\t\t\t\t<\/div>\n\t\t\t\t\t<\/div>\n\t\t<\/div>\n\t\t\t\t\t<\/div>\n\t\t<\/section>\n\t\t\t\t<section class=\"elementor-section elementor-top-section elementor-element elementor-element-80e92ef elementor-section-boxed elementor-section-height-default elementor-section-height-default\" data-id=\"80e92ef\" data-element_type=\"section\" data-e-type=\"section\">\n\t\t\t\t\t\t<div class=\"elementor-container elementor-column-gap-default\">\n\t\t\t\t\t<div class=\"elementor-column elementor-col-100 elementor-top-column elementor-element elementor-element-a388431\" data-id=\"a388431\" data-element_type=\"column\" data-e-type=\"column\">\n\t\t\t<div class=\"elementor-widget-wrap elementor-element-populated\">\n\t\t\t\t\t\t<div class=\"elementor-element elementor-element-a18b739 elementor-widget elementor-widget-button\" data-id=\"a18b739\" data-element_type=\"widget\" data-e-type=\"widget\" data-widget_type=\"button.default\">\n\t\t\t\t<div class=\"elementor-widget-container\">\n\t\t\t\t\t\t\t\t\t<div class=\"elementor-button-wrapper\">\n\t\t\t\t\t<a class=\"elementor-button elementor-size-sm\" role=\"button\">\n\t\t\t\t\t\t<span class=\"elementor-button-content-wrapper\">\n\t\t\t\t\t\t<span class=\"elementor-button-icon\">\n\t\t\t\t<i aria-hidden=\"true\" class=\"fas fa-hand-point-right\"><\/i>\t\t\t<\/span>\n\t\t\t\t\t\t\t\t\t<span class=\"elementor-button-text\">Bewerbungsfrist abgelaufen<\/span>\n\t\t\t\t\t<\/span>\n\t\t\t\t\t<\/a>\n\t\t\t\t<\/div>\n\t\t\t\t\t\t\t\t<\/div>\n\t\t\t\t<\/div>\n\t\t\t\t\t<\/div>\n\t\t<\/div>\n\t\t\t\t\t<\/div>\n\t\t<\/section>\n\t\t\t\t<section class=\"elementor-section elementor-top-section elementor-element elementor-element-ea23e2e elementor-section-boxed elementor-section-height-default elementor-section-height-default\" data-id=\"ea23e2e\" data-element_type=\"section\" data-e-type=\"section\">\n\t\t\t\t\t\t<div class=\"elementor-container elementor-column-gap-default\">\n\t\t\t\t\t<div class=\"elementor-column elementor-col-100 elementor-top-column elementor-element elementor-element-6a72e5f\" data-id=\"6a72e5f\" data-element_type=\"column\" data-e-type=\"column\">\n\t\t\t<div class=\"elementor-widget-wrap elementor-element-populated\">\n\t\t\t\t\t\t<div class=\"elementor-element elementor-element-4938e37 elementor-widget elementor-widget-heading\" data-id=\"4938e37\" data-element_type=\"widget\" data-e-type=\"widget\" data-widget_type=\"heading.default\">\n\t\t\t\t<div class=\"elementor-widget-container\">\n\t\t\t\t\t<h2 class=\"elementor-heading-title elementor-size-default\">... als Projektmitarbeiter\/in f\u00fcr unser Event-, Kommunikations- und Facilitymanagement<\/h2>\t\t\t\t<\/div>\n\t\t\t\t<\/div>\n\t\t\t\t\t<\/div>\n\t\t<\/div>\n\t\t\t\t\t<\/div>\n\t\t<\/section>\n\t\t\t\t<section class=\"elementor-section elementor-top-section elementor-element elementor-element-bccea2f elementor-section-boxed elementor-section-height-default elementor-section-height-default\" data-id=\"bccea2f\" data-element_type=\"section\" data-e-type=\"section\">\n\t\t\t\t\t\t<div class=\"elementor-container elementor-column-gap-default\">\n\t\t\t\t\t<div class=\"elementor-column elementor-col-100 elementor-top-column elementor-element elementor-element-39cec09\" data-id=\"39cec09\" data-element_type=\"column\" data-e-type=\"column\">\n\t\t\t<div class=\"elementor-widget-wrap elementor-element-populated\">\n\t\t\t\t\t\t<div class=\"elementor-element elementor-element-e5e42ba elementor-widget elementor-widget-text-editor\" data-id=\"e5e42ba\" data-element_type=\"widget\" data-e-type=\"widget\" data-widget_type=\"text-editor.default\">\n\t\t\t\t<div class=\"elementor-widget-container\">\n\t\t\t\t\t\t\t\t\t<p>Werden Sie Teil unseres interdisziplin\u00e4ren und hoch motivierten Teams und \u00fcbernehmen Sie folgende Aufgaben!<\/p><p>\ud83c\udf89 Organisation und Durchf\u00fchrung innovativer Veranstaltungsformate<\/p><p>\ud83d\udce2 Umsetzung von Kommunikationsma\u00dfnahmen, Messeaufritte, Social-Media-Kan\u00e4le<\/p><p>\ud83c\udfe2 Koordination von Nutzungsanfragen unserer Einrichtungen sowie Vor- und Nachbereitung der R\u00e4umlichkeiten f\u00fcr Events<\/p><p>Folgende Qualifikationen sollte Sie mitbringen:<\/p><ul><li>Organisationsverm\u00f6gen, Kommunikationsf\u00e4higkeit, team- und ergebnisorientierter Arbeitsstil, Flexibilit\u00e4t und Belastbarkeit,<\/li><li>effiziente und sehr eigenst\u00e4ndige Arbeitsweise,<\/li><li>hohes Ma\u00df an Kundenorientierung, freundliches Auftreten,<\/li><li>sehr gutes schriftliches und m\u00fcndliches Ausdrucksverm\u00f6gen in deutscher Sprache sowie anwendungsbereite Englischkenntnisse,<\/li><li>Berufsausbildung oder Hochschulabschluss<\/li><\/ul><p>Arbeitsort: Annaberg-Buchholz, mit M\u00f6glichkeit zur mobilen Arbeit.<\/p>\t\t\t\t\t\t\t\t<\/div>\n\t\t\t\t<\/div>\n\t\t\t\t\t<\/div>\n\t\t<\/div>\n\t\t\t\t\t<\/div>\n\t\t<\/section>\n\t\t\t\t<section class=\"elementor-section elementor-top-section elementor-element elementor-element-69173ea elementor-section-boxed elementor-section-height-default elementor-section-height-default\" data-id=\"69173ea\" data-element_type=\"section\" data-e-type=\"section\">\n\t\t\t\t\t\t<div class=\"elementor-container elementor-column-gap-default\">\n\t\t\t\t\t<div class=\"elementor-column elementor-col-100 elementor-top-column elementor-element elementor-element-cdbdd3a\" data-id=\"cdbdd3a\" data-element_type=\"column\" data-e-type=\"column\">\n\t\t\t<div class=\"elementor-widget-wrap elementor-element-populated\">\n\t\t\t\t\t\t<div class=\"elementor-element elementor-element-2c7a1fd elementor-widget elementor-widget-button\" data-id=\"2c7a1fd\" data-element_type=\"widget\" data-e-type=\"widget\" data-widget_type=\"button.default\">\n\t\t\t\t<div class=\"elementor-widget-container\">\n\t\t\t\t\t\t\t\t\t<div class=\"elementor-button-wrapper\">\n\t\t\t\t\t<a class=\"elementor-button elementor-size-sm\" role=\"button\">\n\t\t\t\t\t\t<span class=\"elementor-button-content-wrapper\">\n\t\t\t\t\t\t<span class=\"elementor-button-icon\">\n\t\t\t\t<i aria-hidden=\"true\" class=\"fas fa-hand-point-right\"><\/i>\t\t\t<\/span>\n\t\t\t\t\t\t\t\t\t<span class=\"elementor-button-text\">Bewerbungsfrist abgelaufen<\/span>\n\t\t\t\t\t<\/span>\n\t\t\t\t\t<\/a>\n\t\t\t\t<\/div>\n\t\t\t\t\t\t\t\t<\/div>\n\t\t\t\t<\/div>\n\t\t\t\t\t<\/div>\n\t\t<\/div>\n\t\t\t\t\t<\/div>\n\t\t<\/section>\n\t\t\t\t<section class=\"elementor-section elementor-top-section elementor-element elementor-element-78aeb9b elementor-section-boxed elementor-section-height-default elementor-section-height-default\" data-id=\"78aeb9b\" data-element_type=\"section\" data-e-type=\"section\">\n\t\t\t\t\t\t<div class=\"elementor-container elementor-column-gap-default\">\n\t\t\t\t\t<div class=\"elementor-column elementor-col-100 elementor-top-column elementor-element elementor-element-25da736\" data-id=\"25da736\" data-element_type=\"column\" data-e-type=\"column\">\n\t\t\t<div class=\"elementor-widget-wrap elementor-element-populated\">\n\t\t\t\t\t\t<div class=\"elementor-element elementor-element-23e4d2c elementor-widget elementor-widget-heading\" data-id=\"23e4d2c\" data-element_type=\"widget\" data-e-type=\"widget\" data-widget_type=\"heading.default\">\n\t\t\t\t<div class=\"elementor-widget-container\">\n\t\t\t\t\t<h2 class=\"elementor-heading-title elementor-size-default\">Bewerbungsfrist: 31.03.2024<\/h2>\t\t\t\t<\/div>\n\t\t\t\t<\/div>\n\t\t\t\t\t<\/div>\n\t\t<\/div>\n\t\t\t\t\t<\/div>\n\t\t<\/section>\n\t\t\t\t<\/div>\n\t\t","protected":false},"excerpt":{"rendered":"<p>\ud83d\ude80 Spannende Karrierechance am Smart Rail Connectivity Campus (SRCC) &#8230; &#8230; als Netzwerkmanager! Der SRCC in Annaberg-Buchholz ist einer von vier Standorten des Deutschen Zentrums f\u00fcr Mobilit\u00e4t der Zukunft (DZM). Mit dem DZM erhalten zukunftstr\u00e4chtige Mobilit\u00e4tsideen in verschiedenen Anwendungsdom\u00e4nen sowie Ans\u00e4tze angewandter Forschung und Vorentwicklung einen Projektverbund, welcher deutschlandweit Kapazit\u00e4ten und Ressourcen b\u00fcndelt und so [&hellip;]<\/p>\n","protected":false},"author":4,"featured_media":493,"comment_status":"closed","ping_status":"closed","sticky":false,"template":"","format":"standard","meta":{"footnotes":""},"categories":[1,8],"tags":[],"class_list":{"0":"post-3857","1":"post","2":"type-post","3":"status-publish","4":"format-standard","5":"has-post-thumbnail","6":"hentry","7":"category-allgemein","8":"category-news","10":"post-with-thumbnail","11":"post-with-thumbnail-large"},"_links":{"self":[{"href":"https:\/\/www.smart-rail-campus.de\/index.php?rest_route=\/wp\/v2\/posts\/3857","targetHints":{"allow":["GET"]}}],"collection":[{"href":"https:\/\/www.smart-rail-campus.de\/index.php?rest_route=\/wp\/v2\/posts"}],"about":[{"href":"https:\/\/www.smart-rail-campus.de\/index.php?rest_route=\/wp\/v2\/types\/post"}],"author":[{"embeddable":true,"href":"https:\/\/www.smart-rail-campus.de\/index.php?rest_route=\/wp\/v2\/users\/4"}],"replies":[{"embeddable":true,"href":"https:\/\/www.smart-rail-campus.de\/index.php?rest_route=%2Fwp%2Fv2%2Fcomments&post=3857"}],"version-history":[{"count":26,"href":"https:\/\/www.smart-rail-campus.de\/index.php?rest_route=\/wp\/v2\/posts\/3857\/revisions"}],"predecessor-version":[{"id":4265,"href":"https:\/\/www.smart-rail-campus.de\/index.php?rest_route=\/wp\/v2\/posts\/3857\/revisions\/4265"}],"wp:featuredmedia":[{"embeddable":true,"href":"https:\/\/www.smart-rail-campus.de\/index.php?rest_route=\/wp\/v2\/media\/493"}],"wp:attachment":[{"href":"https:\/\/www.smart-rail-campus.de\/index.php?rest_route=%2Fwp%2Fv2%2Fmedia&parent=3857"}],"wp:term":[{"taxonomy":"category","embeddable":true,"href":"https:\/\/www.smart-rail-campus.de\/index.php?rest_route=%2Fwp%2Fv2%2Fcategories&post=3857"},{"taxonomy":"post_tag","embeddable":true,"href":"https:\/\/www.smart-rail-campus.de\/index.php?rest_route=%2Fwp%2Fv2%2Ftags&post=3857"}],"curies":[{"name":"wp","href":"https:\/\/api.w.org\/{rel}","templated":true}]}}