{"id":6583,"date":"2025-02-13T09:27:51","date_gmt":"2025-02-13T08:27:51","guid":{"rendered":"https:\/\/www.smart-rail-campus.de\/?p=6583"},"modified":"2025-02-13T09:29:48","modified_gmt":"2025-02-13T08:29:48","slug":"call-for-exhibition-digital-rail-convention-2025","status":"publish","type":"post","link":"https:\/\/www.smart-rail-campus.de\/?p=6583","title":{"rendered":"Call for exhibition! \u2013 Digital Rail Convention 2025"},"content":{"rendered":"\t\t<div data-elementor-type=\"wp-post\" data-elementor-id=\"6583\" class=\"elementor elementor-6583\">\n\t\t\t\t\t\t<section class=\"elementor-section elementor-top-section elementor-element elementor-element-4fff7c0 elementor-section-boxed elementor-section-height-default elementor-section-height-default\" data-id=\"4fff7c0\" data-element_type=\"section\" data-e-type=\"section\">\n\t\t\t\t\t\t<div class=\"elementor-container elementor-column-gap-default\">\n\t\t\t\t\t<div class=\"elementor-column elementor-col-100 elementor-top-column elementor-element elementor-element-9589cc5\" data-id=\"9589cc5\" data-element_type=\"column\" data-e-type=\"column\">\n\t\t\t<div class=\"elementor-widget-wrap elementor-element-populated\">\n\t\t\t\t\t\t<div class=\"elementor-element elementor-element-2abd0ce elementor-widget elementor-widget-text-editor\" data-id=\"2abd0ce\" data-element_type=\"widget\" data-e-type=\"widget\" data-widget_type=\"text-editor.default\">\n\t\t\t\t<div class=\"elementor-widget-container\">\n\t\t\t\t\t\t\t\t\t<p><span data-contrast=\"auto\">Im Rahmen der <strong>Digital Rail Convention<\/strong> (DRC) gibt es die besondere M\u00f6glichkeit,<\/span><span data-contrast=\"auto\"> Ihre Gesch\u00e4ftsfelder oder T\u00e4tigkeitsschwerpunkte und Ihren Forschungsstand als Aussteller am <\/span><b><span data-contrast=\"auto\">DemoDay <\/span><\/b><span data-contrast=\"auto\">(18.09.2025) und\/oder am PublicDay4Kids (19.09.2025) vorstellen zu k\u00f6nnen.<\/span><span data-ccp-props=\"{}\">\u00a0<\/span><\/p><p><span data-contrast=\"auto\">Die Ausstellerst\u00e4nde am <\/span><b><span data-contrast=\"auto\">DemoDay <\/span><\/b><span data-contrast=\"auto\">werden am Bahnhof Annaberg-Buchholz Unterer Bahnhof platziert sein. Neben den Messest\u00e4nden wird es terminierte Exkursionen u. a. zu Demonstrationen entlang der von der DB RegioNetz Erzgebirgsbahn betriebenen Strecke zwischen Annaberg-Buchholz und Schwarzenberg geben. Der DemoDay stellt vor allem die Praxis in den Mittelpunkt und \u00f6ffnet sich am Nachmittag auch f\u00fcr die breite \u00d6ffentlichkeit.\u202f\u202f<\/span><span data-ccp-props=\"{}\">\u00a0<\/span><\/p><p><strong>Sie m\u00f6chten sich gern mit einem Ausstellerstand pr\u00e4sentieren, haben einen interessanten Demonstrator oder andere faszinierende Ausstellungsst\u00fccke?\u202fDann werden Sie Teil unserer Digital Rail Convention 2025!\u00a0<\/strong><\/p><p><span data-contrast=\"auto\">Unter folgendem Link gelangen Sie zum <\/span><b><span data-contrast=\"auto\">Ausstellerformular sowie zu weiteren Informationen<\/span><\/b><span data-contrast=\"auto\">: <\/span><a href=\"https:\/\/www.smart-rail-campus.de\/download\/DRC2025\/DRC2025%20Aussteller%20werden.pdf\"><span data-contrast=\"none\">https:\/\/www.smart-rail-campus.de\/download\/DRC2025\/DRC2025%20Aussteller%20werden.pdf<\/span><\/a><span data-ccp-props=\"{}\">\u00a0<\/span><\/p><p><span data-contrast=\"auto\">Bei Fragen k\u00f6nnen Sie uns auch gern unter <\/span><a href=\"mailto:drc@smart-rail-campus.de\"><span data-contrast=\"none\">drc@smart-rail-campus.de<\/span><\/a> <span data-contrast=\"auto\">kontaktieren.<\/span><span data-ccp-props=\"{}\">\u00a0<\/span><\/p>\t\t\t\t\t\t\t\t<\/div>\n\t\t\t\t<\/div>\n\t\t\t\t\t<\/div>\n\t\t<\/div>\n\t\t\t\t\t<\/div>\n\t\t<\/section>\n\t\t\t\t<\/div>\n\t\t","protected":false},"excerpt":{"rendered":"<p>Im Rahmen der Digital Rail Convention (DRC) gibt es die besondere M\u00f6glichkeit, Ihre Gesch\u00e4ftsfelder oder T\u00e4tigkeitsschwerpunkte und Ihren Forschungsstand als Aussteller am DemoDay (18.09.2025) und\/oder am PublicDay4Kids (19.09.2025) vorstellen zu k\u00f6nnen.\u00a0 Die Ausstellerst\u00e4nde am DemoDay werden am Bahnhof Annaberg-Buchholz Unterer Bahnhof platziert sein. Neben den Messest\u00e4nden wird es terminierte Exkursionen u. a. zu Demonstrationen entlang [&hellip;]<\/p>\n","protected":false},"author":11,"featured_media":6584,"comment_status":"closed","ping_status":"closed","sticky":false,"template":"","format":"standard","meta":{"footnotes":""},"categories":[1,67,10,8],"tags":[129,105],"class_list":{"0":"post-6583","1":"post","2":"type-post","3":"status-publish","4":"format-standard","5":"has-post-thumbnail","6":"hentry","7":"category-allgemein","8":"category-drc","9":"category-event","10":"category-news","11":"tag-digital-rail-convention-de","12":"tag-veranstaltung-de","14":"post-with-thumbnail","15":"post-with-thumbnail-large"},"_links":{"self":[{"href":"https:\/\/www.smart-rail-campus.de\/index.php?rest_route=\/wp\/v2\/posts\/6583","targetHints":{"allow":["GET"]}}],"collection":[{"href":"https:\/\/www.smart-rail-campus.de\/index.php?rest_route=\/wp\/v2\/posts"}],"about":[{"href":"https:\/\/www.smart-rail-campus.de\/index.php?rest_route=\/wp\/v2\/types\/post"}],"author":[{"embeddable":true,"href":"https:\/\/www.smart-rail-campus.de\/index.php?rest_route=\/wp\/v2\/users\/11"}],"replies":[{"embeddable":true,"href":"https:\/\/www.smart-rail-campus.de\/index.php?rest_route=%2Fwp%2Fv2%2Fcomments&post=6583"}],"version-history":[{"count":4,"href":"https:\/\/www.smart-rail-campus.de\/index.php?rest_route=\/wp\/v2\/posts\/6583\/revisions"}],"predecessor-version":[{"id":6588,"href":"https:\/\/www.smart-rail-campus.de\/index.php?rest_route=\/wp\/v2\/posts\/6583\/revisions\/6588"}],"wp:featuredmedia":[{"embeddable":true,"href":"https:\/\/www.smart-rail-campus.de\/index.php?rest_route=\/wp\/v2\/media\/6584"}],"wp:attachment":[{"href":"https:\/\/www.smart-rail-campus.de\/index.php?rest_route=%2Fwp%2Fv2%2Fmedia&parent=6583"}],"wp:term":[{"taxonomy":"category","embeddable":true,"href":"https:\/\/www.smart-rail-campus.de\/index.php?rest_route=%2Fwp%2Fv2%2Fcategories&post=6583"},{"taxonomy":"post_tag","embeddable":true,"href":"https:\/\/www.smart-rail-campus.de\/index.php?rest_route=%2Fwp%2Fv2%2Ftags&post=6583"}],"curies":[{"name":"wp","href":"https:\/\/api.w.org\/{rel}","templated":true}]}}