{"id":6804,"date":"2025-04-23T17:00:38","date_gmt":"2025-04-23T15:00:38","guid":{"rendered":"https:\/\/www.smart-rail-campus.de\/?p=6804"},"modified":"2025-04-24T13:01:15","modified_gmt":"2025-04-24T11:01:15","slug":"rueckblick-technikwerkstatt-gemeinsam-zum-escapetrain","status":"publish","type":"post","link":"https:\/\/www.smart-rail-campus.de\/?p=6804","title":{"rendered":"R\u00fcckblick: Technikwerkstatt \u201eGemeinsam zum EscapeTrain\u201c"},"content":{"rendered":"\t\t<div data-elementor-type=\"wp-post\" data-elementor-id=\"6804\" class=\"elementor elementor-6804\">\n\t\t\t\t\t\t<section class=\"elementor-section elementor-top-section elementor-element elementor-element-441a3fac elementor-section-boxed elementor-section-height-default elementor-section-height-default\" data-id=\"441a3fac\" data-element_type=\"section\" data-e-type=\"section\">\n\t\t\t\t\t\t<div class=\"elementor-container elementor-column-gap-default\">\n\t\t\t\t\t<div class=\"elementor-column elementor-col-100 elementor-top-column elementor-element elementor-element-7512b6df\" data-id=\"7512b6df\" data-element_type=\"column\" data-e-type=\"column\">\n\t\t\t<div class=\"elementor-widget-wrap elementor-element-populated\">\n\t\t\t\t\t\t<div class=\"elementor-element elementor-element-1f4c65c8 elementor-widget elementor-widget-text-editor\" data-id=\"1f4c65c8\" data-element_type=\"widget\" data-e-type=\"widget\" data-widget_type=\"text-editor.default\">\n\t\t\t\t<div class=\"elementor-widget-container\">\n\t\t\t\t\t\t\t\t\t\n<p><\/p>\n\n\n\n<p><\/p>\n\t\t\t\t\t\t\t\t<\/div>\n\t\t\t\t<\/div>\n\t\t\t\t\t<\/div>\n\t\t<\/div>\n\t\t\t\t\t<\/div>\n\t\t<\/section>\n\t\t\t\t<section class=\"elementor-section elementor-top-section elementor-element elementor-element-3032db7 elementor-section-boxed elementor-section-height-default elementor-section-height-default\" data-id=\"3032db7\" data-element_type=\"section\" data-e-type=\"section\">\n\t\t\t\t\t\t<div class=\"elementor-container elementor-column-gap-default\">\n\t\t\t\t\t<div class=\"elementor-column elementor-col-100 elementor-top-column elementor-element elementor-element-5fabe3c\" data-id=\"5fabe3c\" data-element_type=\"column\" data-e-type=\"column\">\n\t\t\t<div class=\"elementor-widget-wrap elementor-element-populated\">\n\t\t\t\t\t\t<div class=\"elementor-element elementor-element-2fc2694 elementor-widget elementor-widget-heading\" data-id=\"2fc2694\" data-element_type=\"widget\" data-e-type=\"widget\" data-widget_type=\"heading.default\">\n\t\t\t\t<div class=\"elementor-widget-container\">\n\t\t\t\t\t<h6 class=\"elementor-heading-title elementor-size-default\">Technikwerkstatt \u201eGemeinsam zum EscapeTrain\u201c \u2013 Zwei Klassen, viele Ideen, ein Ziel<\/h6>\t\t\t\t<\/div>\n\t\t\t\t<\/div>\n\t\t\t\t\t<\/div>\n\t\t<\/div>\n\t\t\t\t\t<\/div>\n\t\t<\/section>\n\t\t\t\t<section class=\"elementor-section elementor-top-section elementor-element elementor-element-7955cc3 elementor-section-boxed elementor-section-height-default elementor-section-height-default\" data-id=\"7955cc3\" data-element_type=\"section\" data-e-type=\"section\">\n\t\t\t\t\t\t<div class=\"elementor-container elementor-column-gap-default\">\n\t\t\t\t\t<div class=\"elementor-column elementor-col-100 elementor-top-column elementor-element elementor-element-aa252f1\" data-id=\"aa252f1\" data-element_type=\"column\" data-e-type=\"column\">\n\t\t\t<div class=\"elementor-widget-wrap elementor-element-populated\">\n\t\t\t\t\t\t<div class=\"elementor-element elementor-element-91e7aac elementor-widget elementor-widget-text-editor\" data-id=\"91e7aac\" data-element_type=\"widget\" data-e-type=\"widget\" data-widget_type=\"text-editor.default\">\n\t\t\t\t<div class=\"elementor-widget-container\">\n\t\t\t\t\t\t\t\t\t<p>Im Februar und April 2025 fanden zwei Technikwerkst\u00e4tten am Smart Rail Connectivity Campus in Annaberg-Buchholz statt. Ziel war es, Sch\u00fclerinnen und Sch\u00fcler in einem au\u00dfergew\u00f6hnlichen Rahmen f\u00fcr technische Themen zu begeistern und gemeinsam erste R\u00e4tsel f\u00fcr den geplanten EscapeTrain zu entwickeln. An jeweils drei Vormittagen arbeiteten die Jugendlichen kreativ, selbstst\u00e4ndig und im Austausch mit Fachpatinnen und Fachpaten an R\u00e4tseln, die unter anderem auf Prinzipien der Optik, Informationstechnik und Elektrotechnik basieren.<\/p>\n<p>In Kleingruppen entwickelten die Teilnehmenden eigene R\u00e4tselideen, setzten sie praktisch um und verbesserten sie Schritt f\u00fcr Schritt. Begleitet wurden sie dabei von erfahrenen Fachkr\u00e4ften aus Wissenschaft und Praxis, die Impulse gaben, Fragen beantworteten und das selbstst\u00e4ndige Arbeiten unterst\u00fctzten. Neben technischem Verst\u00e4ndnis st\u00e4rkten die Jugendlichen dabei auch wichtige Kompetenzen wie Teamarbeit, Probleml\u00f6sung und Eigenverantwortung.<\/p>\t\t\t\t\t\t\t\t<\/div>\n\t\t\t\t<\/div>\n\t\t\t\t\t<\/div>\n\t\t<\/div>\n\t\t\t\t\t<\/div>\n\t\t<\/section>\n\t\t\t\t<section class=\"elementor-section elementor-top-section elementor-element elementor-element-733c72d elementor-section-boxed elementor-section-height-default elementor-section-height-default\" data-id=\"733c72d\" data-element_type=\"section\" data-e-type=\"section\">\n\t\t\t\t\t\t<div class=\"elementor-container elementor-column-gap-default\">\n\t\t\t\t\t<div class=\"elementor-column elementor-col-100 elementor-top-column elementor-element elementor-element-92fa745\" data-id=\"92fa745\" data-element_type=\"column\" data-e-type=\"column\">\n\t\t\t<div class=\"elementor-widget-wrap elementor-element-populated\">\n\t\t\t\t\t\t<div class=\"elementor-element elementor-element-d1c0736 elementor-widget elementor-widget-heading\" data-id=\"d1c0736\" data-element_type=\"widget\" data-e-type=\"widget\" data-widget_type=\"heading.default\">\n\t\t\t\t<div class=\"elementor-widget-container\">\n\t\t\t\t\t<h6 class=\"elementor-heading-title elementor-size-default\">Fachliche Einblicke mit Blick in die Zukunft<\/h6>\t\t\t\t<\/div>\n\t\t\t\t<\/div>\n\t\t\t\t\t<\/div>\n\t\t<\/div>\n\t\t\t\t\t<\/div>\n\t\t<\/section>\n\t\t\t\t<section class=\"elementor-section elementor-top-section elementor-element elementor-element-1bfd368 elementor-section-boxed elementor-section-height-default elementor-section-height-default\" data-id=\"1bfd368\" data-element_type=\"section\" data-e-type=\"section\">\n\t\t\t\t\t\t<div class=\"elementor-container elementor-column-gap-default\">\n\t\t\t\t\t<div class=\"elementor-column elementor-col-100 elementor-top-column elementor-element elementor-element-33d5834\" data-id=\"33d5834\" data-element_type=\"column\" data-e-type=\"column\">\n\t\t\t<div class=\"elementor-widget-wrap elementor-element-populated\">\n\t\t\t\t\t\t<div class=\"elementor-element elementor-element-af75c6d elementor-widget elementor-widget-text-editor\" data-id=\"af75c6d\" data-element_type=\"widget\" data-e-type=\"widget\" data-widget_type=\"text-editor.default\">\n\t\t\t\t<div class=\"elementor-widget-container\">\n\t\t\t\t\t\t\t\t\t<p>Beide Technikwerkst\u00e4tten wurden durch kurze Vortr\u00e4ge erg\u00e4nzt, die den Jugendlichen technische Grundlagen vermittelten und berufliche Orientierung erm\u00f6glichten. Neben Einf\u00fchrungen in die R\u00e4tselentwicklung durch die TU Chemnitz erhielten sie Einblicke in die Funktionsweise des Bahnverkehrs \u2013 im Februar durch den SRCC und im April durch Prof. Dr. Elena Queck (Wests\u00e4chsische Hochschule Zwickau). Vertiefende Einblicke kamen u.\u202fa. von Dr. Gregor Theeg (Siemens Mobility GmbH) und Florian K\u00fcnzel (SYS TEC electronic AG), die ebenfalls einen Einblick in die Bahnwelt gaben, sowie ihre Arbeit und berufliche Perspektiven vorstellten. Den Abschluss bildete jeweils J\u00f6rg Weidehaas von EUROPE DIRECT mit Informationen zu europ\u00e4ischen Ausbildungswegen und F\u00f6rderprogrammen.<\/p>\t\t\t\t\t\t\t\t<\/div>\n\t\t\t\t<\/div>\n\t\t\t\t\t<\/div>\n\t\t<\/div>\n\t\t\t\t\t<\/div>\n\t\t<\/section>\n\t\t\t\t<section class=\"elementor-section elementor-top-section elementor-element elementor-element-73ad130 elementor-section-boxed elementor-section-height-default elementor-section-height-default\" data-id=\"73ad130\" data-element_type=\"section\" data-e-type=\"section\">\n\t\t\t\t\t\t<div class=\"elementor-container elementor-column-gap-default\">\n\t\t\t\t\t<div class=\"elementor-column elementor-col-100 elementor-top-column elementor-element elementor-element-cfff166\" data-id=\"cfff166\" data-element_type=\"column\" data-e-type=\"column\">\n\t\t\t<div class=\"elementor-widget-wrap elementor-element-populated\">\n\t\t\t\t\t\t<div class=\"elementor-element elementor-element-de1c953 elementor-widget elementor-widget-heading\" data-id=\"de1c953\" data-element_type=\"widget\" data-e-type=\"widget\" data-widget_type=\"heading.default\">\n\t\t\t\t<div class=\"elementor-widget-container\">\n\t\t\t\t\t<h6 class=\"elementor-heading-title elementor-size-default\">Ein gro\u00dfes Dankesch\u00f6n f\u00fcr ein starkes Netzwerk <\/h6>\t\t\t\t<\/div>\n\t\t\t\t<\/div>\n\t\t\t\t\t<\/div>\n\t\t<\/div>\n\t\t\t\t\t<\/div>\n\t\t<\/section>\n\t\t\t\t<section class=\"elementor-section elementor-top-section elementor-element elementor-element-510e1ee elementor-section-boxed elementor-section-height-default elementor-section-height-default\" data-id=\"510e1ee\" data-element_type=\"section\" data-e-type=\"section\">\n\t\t\t\t\t\t<div class=\"elementor-container elementor-column-gap-default\">\n\t\t\t\t\t<div class=\"elementor-column elementor-col-100 elementor-top-column elementor-element elementor-element-fcf53af\" data-id=\"fcf53af\" data-element_type=\"column\" data-e-type=\"column\">\n\t\t\t<div class=\"elementor-widget-wrap elementor-element-populated\">\n\t\t\t\t\t\t<div class=\"elementor-element elementor-element-1e6cdad elementor-widget elementor-widget-text-editor\" data-id=\"1e6cdad\" data-element_type=\"widget\" data-e-type=\"widget\" data-widget_type=\"text-editor.default\">\n\t\t\t\t<div class=\"elementor-widget-container\">\n\t\t\t\t\t\t\t\t\t<p>Die Technikwerkstatt lebt vom Engagement vieler Partnerinnen und Partner. Unser herzlicher Dank gilt den Patinnen und Paten, den Vortragenden der WHZ, von Siemens Mobility, SYS TEC, EUROPE DIRECT, des SRCC und der TU Chemnitz sowie der Stadtschule Schwarzenberg. Ohne ihre Unterst\u00fctzung w\u00e4re dieses Format nicht m\u00f6glich.<\/p>\t\t\t\t\t\t\t\t<\/div>\n\t\t\t\t<\/div>\n\t\t\t\t\t<\/div>\n\t\t<\/div>\n\t\t\t\t\t<\/div>\n\t\t<\/section>\n\t\t\t\t<section class=\"elementor-section elementor-top-section elementor-element elementor-element-659f3aa elementor-section-boxed elementor-section-height-default elementor-section-height-default\" data-id=\"659f3aa\" data-element_type=\"section\" data-e-type=\"section\">\n\t\t\t\t\t\t<div class=\"elementor-container elementor-column-gap-default\">\n\t\t\t\t\t<div class=\"elementor-column elementor-col-100 elementor-top-column elementor-element elementor-element-5af12c2\" data-id=\"5af12c2\" data-element_type=\"column\" data-e-type=\"column\">\n\t\t\t<div class=\"elementor-widget-wrap elementor-element-populated\">\n\t\t\t\t\t\t<div class=\"elementor-element elementor-element-10465e2 elementor-widget elementor-widget-heading\" data-id=\"10465e2\" data-element_type=\"widget\" data-e-type=\"widget\" data-widget_type=\"heading.default\">\n\t\t\t\t<div class=\"elementor-widget-container\">\n\t\t\t\t\t<h6 class=\"elementor-heading-title elementor-size-default\">Ein starkes Format mit Zukunft<\/h6>\t\t\t\t<\/div>\n\t\t\t\t<\/div>\n\t\t\t\t\t<\/div>\n\t\t<\/div>\n\t\t\t\t\t<\/div>\n\t\t<\/section>\n\t\t\t\t<section class=\"elementor-section elementor-top-section elementor-element elementor-element-c7791f0 elementor-section-boxed elementor-section-height-default elementor-section-height-default\" data-id=\"c7791f0\" data-element_type=\"section\" data-e-type=\"section\">\n\t\t\t\t\t\t<div class=\"elementor-container elementor-column-gap-default\">\n\t\t\t\t\t<div class=\"elementor-column elementor-col-100 elementor-top-column elementor-element elementor-element-1814953\" data-id=\"1814953\" data-element_type=\"column\" data-e-type=\"column\">\n\t\t\t<div class=\"elementor-widget-wrap elementor-element-populated\">\n\t\t\t\t\t\t<div class=\"elementor-element elementor-element-ef957a8 elementor-widget elementor-widget-text-editor\" data-id=\"ef957a8\" data-element_type=\"widget\" data-e-type=\"widget\" data-widget_type=\"text-editor.default\">\n\t\t\t\t<div class=\"elementor-widget-container\">\n\t\t\t\t\t\t\t\t\t<p>Mit der dritten Durchf\u00fchrung im April 2025 hat sich gezeigt: Die Technikwerkstatt kommt bei Jugendlichen sehr gut an. Alle Teilnehmenden waren mit Freude dabei, entwickelten eigene Ideen und zogen durchweg ein positives Fazit \u2013 ein Format, das Technik nicht nur vermittelt, sondern erlebbar macht.<\/p>\n<p>Wir m\u00f6chten das Format in Zukunft gerne mit neuen Gruppen weiterf\u00fchren. Schulen, Vereine oder andere Bildungseinrichtungen, die Interesse an einer Durchf\u00fchrung haben, sind herzlich eingeladen, sich bei uns zu melden. Wir freuen uns auf neue Kooperationen und gemeinsam knifflige R\u00e4tsel zu entwickeln. Melden Sie sich bei Interesse an Madeleine Unger <a href=\"mailto:madeleine.unger@wiwi.tu-chemnitz.de\">madeleine.unger@wiwi.tu-chemnitz.de<\/a><\/p>\t\t\t\t\t\t\t\t<\/div>\n\t\t\t\t<\/div>\n\t\t\t\t\t<\/div>\n\t\t<\/div>\n\t\t\t\t\t<\/div>\n\t\t<\/section>\n\t\t\t\t<section class=\"elementor-section elementor-top-section elementor-element elementor-element-d309aa4 elementor-section-boxed elementor-section-height-default elementor-section-height-default\" data-id=\"d309aa4\" data-element_type=\"section\" data-e-type=\"section\">\n\t\t\t\t\t\t<div class=\"elementor-container elementor-column-gap-default\">\n\t\t\t\t\t<div class=\"elementor-column elementor-col-100 elementor-top-column elementor-element elementor-element-b8f3d8f\" data-id=\"b8f3d8f\" data-element_type=\"column\" data-e-type=\"column\">\n\t\t\t<div class=\"elementor-widget-wrap elementor-element-populated\">\n\t\t\t\t\t\t<div class=\"elementor-element elementor-element-f31d070 elementor-widget elementor-widget-image-gallery\" data-id=\"f31d070\" data-element_type=\"widget\" data-e-type=\"widget\" data-widget_type=\"image-gallery.default\">\n\t\t\t\t<div class=\"elementor-widget-container\">\n\t\t\t\t\t\t\t<div class=\"elementor-image-gallery\">\n\t\t\t\n\t\t<style type=\"text\/css\">\n\t\t\t#gallery-1 {\n\t\t\t\tmargin: auto;\n\t\t\t}\n\t\t\t#gallery-1 .gallery-item {\n\t\t\t\tfloat: left;\n\t\t\t\tmargin-top: 10px;\n\t\t\t\ttext-align: center;\n\t\t\t\twidth: 33%;\n\t\t\t}\n\t\t\t#gallery-1 img {\n\t\t\t\tborder: 2px solid #cfcfcf;\n\t\t\t}\n\t\t\t#gallery-1 .gallery-caption {\n\t\t\t\tmargin-left: 0;\n\t\t\t}\n\t\t\t\/* see gallery_shortcode() in wp-includes\/media.php *\/\n\t\t<\/style>\n\t\t<div id='gallery-1' class='gallery galleryid-6804 gallery-columns-3 gallery-size-thumbnail'><dl class='gallery-item'>\n\t\t\t<dt class='gallery-icon landscape'>\n\t\t\t\t<a data-elementor-open-lightbox=\"yes\" data-elementor-lightbox-slideshow=\"f31d070\" data-elementor-lightbox-title=\"Vortrag Siemens\" data-e-action-hash=\"#elementor-action%3Aaction%3Dlightbox%26settings%3DeyJpZCI6NjgwOSwidXJsIjoiaHR0cHM6XC9cL3d3dy5zbWFydC1yYWlsLWNhbXB1cy5kZVwvd3AtY29udGVudFwvdXBsb2Fkc1wvMjAyNVwvMDRcL1ZvcnRyYWctU2llbWVuc19rb21wLXNjYWxlZC5qcGciLCJzbGlkZXNob3ciOiJmMzFkMDcwIn0%3D\" href='https:\/\/www.smart-rail-campus.de\/wp-content\/uploads\/2025\/04\/Vortrag-Siemens_komp-scaled.jpg'><img decoding=\"async\" width=\"150\" height=\"150\" src=\"https:\/\/www.smart-rail-campus.de\/wp-content\/uploads\/2025\/04\/Vortrag-Siemens_komp-150x150.jpg\" class=\"attachment-thumbnail size-thumbnail\" alt=\"\" \/><\/a>\n\t\t\t<\/dt><\/dl><dl class='gallery-item'>\n\t\t\t<dt class='gallery-icon portrait'>\n\t\t\t\t<a data-elementor-open-lightbox=\"yes\" data-elementor-lightbox-slideshow=\"f31d070\" data-elementor-lightbox-title=\"L\u00f6sen bestehender R\u00e4tsel\" data-e-action-hash=\"#elementor-action%3Aaction%3Dlightbox%26settings%3DeyJpZCI6NjgwNywidXJsIjoiaHR0cHM6XC9cL3d3dy5zbWFydC1yYWlsLWNhbXB1cy5kZVwvd3AtY29udGVudFwvdXBsb2Fkc1wvMjAyNVwvMDRcL0xvZXNlbi1iZXN0ZWhlbmRlci1SYWV0c2VsX2tvbXAtc2NhbGVkLmpwZyIsInNsaWRlc2hvdyI6ImYzMWQwNzAifQ%3D%3D\" href='https:\/\/www.smart-rail-campus.de\/wp-content\/uploads\/2025\/04\/Loesen-bestehender-Raetsel_komp-scaled.jpg'><img decoding=\"async\" width=\"150\" height=\"150\" src=\"https:\/\/www.smart-rail-campus.de\/wp-content\/uploads\/2025\/04\/Loesen-bestehender-Raetsel_komp-150x150.jpg\" class=\"attachment-thumbnail size-thumbnail\" alt=\"\" \/><\/a>\n\t\t\t<\/dt><\/dl><dl class='gallery-item'>\n\t\t\t<dt class='gallery-icon landscape'>\n\t\t\t\t<a data-elementor-open-lightbox=\"yes\" data-elementor-lightbox-slideshow=\"f31d070\" data-elementor-lightbox-title=\"Unterst\u00fctzung durch Fachpaten und Fachpatinnen\" data-e-action-hash=\"#elementor-action%3Aaction%3Dlightbox%26settings%3DeyJpZCI6NjgwOCwidXJsIjoiaHR0cHM6XC9cL3d3dy5zbWFydC1yYWlsLWNhbXB1cy5kZVwvd3AtY29udGVudFwvdXBsb2Fkc1wvMjAyNVwvMDRcL1VudGVyc3R1ZXR6dW5nLWR1cmNoLUZhY2hwYXRlbi11bmQtRmFjaHBhdGlubmVuLmpwZWciLCJzbGlkZXNob3ciOiJmMzFkMDcwIn0%3D\" href='https:\/\/www.smart-rail-campus.de\/wp-content\/uploads\/2025\/04\/Unterstuetzung-durch-Fachpaten-und-Fachpatinnen.jpeg'><img decoding=\"async\" width=\"150\" height=\"150\" src=\"https:\/\/www.smart-rail-campus.de\/wp-content\/uploads\/2025\/04\/Unterstuetzung-durch-Fachpaten-und-Fachpatinnen-150x150.jpeg\" class=\"attachment-thumbnail size-thumbnail\" alt=\"\" \/><\/a>\n\t\t\t<\/dt><\/dl><br style=\"clear: both\" \/>\n\t\t<\/div>\n\t\t<\/div>\n\t\t\t\t\t\t<\/div>\n\t\t\t\t<\/div>\n\t\t\t\t\t<\/div>\n\t\t<\/div>\n\t\t\t\t\t<\/div>\n\t\t<\/section>\n\t\t\t\t<\/div>\n\t\t","protected":false},"excerpt":{"rendered":"<p>Technikwerkstatt \u201eGemeinsam zum EscapeTrain\u201c \u2013 Zwei Klassen, viele Ideen, ein Ziel Im Februar und April 2025 fanden zwei Technikwerkst\u00e4tten am Smart Rail Connectivity Campus in Annaberg-Buchholz statt. Ziel war es, Sch\u00fclerinnen und Sch\u00fcler in einem au\u00dfergew\u00f6hnlichen Rahmen f\u00fcr technische Themen zu begeistern und gemeinsam erste R\u00e4tsel f\u00fcr den geplanten EscapeTrain zu entwickeln. An jeweils drei [&hellip;]<\/p>\n","protected":false},"author":11,"featured_media":6805,"comment_status":"closed","ping_status":"closed","sticky":false,"template":"","format":"standard","meta":{"footnotes":""},"categories":[1,177,8],"tags":[113],"class_list":{"0":"post-6804","1":"post","2":"type-post","3":"status-publish","4":"format-standard","5":"has-post-thumbnail","6":"hentry","7":"category-allgemein","8":"category-mint-begeisterung","9":"category-news","10":"tag-mint-begeisterung","12":"post-with-thumbnail","13":"post-with-thumbnail-large"},"_links":{"self":[{"href":"https:\/\/www.smart-rail-campus.de\/index.php?rest_route=\/wp\/v2\/posts\/6804","targetHints":{"allow":["GET"]}}],"collection":[{"href":"https:\/\/www.smart-rail-campus.de\/index.php?rest_route=\/wp\/v2\/posts"}],"about":[{"href":"https:\/\/www.smart-rail-campus.de\/index.php?rest_route=\/wp\/v2\/types\/post"}],"author":[{"embeddable":true,"href":"https:\/\/www.smart-rail-campus.de\/index.php?rest_route=\/wp\/v2\/users\/11"}],"replies":[{"embeddable":true,"href":"https:\/\/www.smart-rail-campus.de\/index.php?rest_route=%2Fwp%2Fv2%2Fcomments&post=6804"}],"version-history":[{"count":7,"href":"https:\/\/www.smart-rail-campus.de\/index.php?rest_route=\/wp\/v2\/posts\/6804\/revisions"}],"predecessor-version":[{"id":6815,"href":"https:\/\/www.smart-rail-campus.de\/index.php?rest_route=\/wp\/v2\/posts\/6804\/revisions\/6815"}],"wp:featuredmedia":[{"embeddable":true,"href":"https:\/\/www.smart-rail-campus.de\/index.php?rest_route=\/wp\/v2\/media\/6805"}],"wp:attachment":[{"href":"https:\/\/www.smart-rail-campus.de\/index.php?rest_route=%2Fwp%2Fv2%2Fmedia&parent=6804"}],"wp:term":[{"taxonomy":"category","embeddable":true,"href":"https:\/\/www.smart-rail-campus.de\/index.php?rest_route=%2Fwp%2Fv2%2Fcategories&post=6804"},{"taxonomy":"post_tag","embeddable":true,"href":"https:\/\/www.smart-rail-campus.de\/index.php?rest_route=%2Fwp%2Fv2%2Ftags&post=6804"}],"curies":[{"name":"wp","href":"https:\/\/api.w.org\/{rel}","templated":true}]}}