{"id":8000,"date":"2026-03-12T07:40:40","date_gmt":"2026-03-12T06:40:40","guid":{"rendered":"https:\/\/www.smart-rail-campus.de\/?p=8000"},"modified":"2026-03-12T07:41:12","modified_gmt":"2026-03-12T06:41:12","slug":"rueckblick-srcc-zu-besuch-bei-der-it-trans","status":"publish","type":"post","link":"https:\/\/www.smart-rail-campus.de\/?p=8000","title":{"rendered":"R\u00fcckblick: SRCC zu Besuch bei der IT-TRANS"},"content":{"rendered":"\t\t<div data-elementor-type=\"wp-post\" data-elementor-id=\"8000\" class=\"elementor elementor-8000\">\n\t\t\t\t\t\t<section class=\"elementor-section elementor-top-section elementor-element elementor-element-5c80e62 elementor-section-boxed elementor-section-height-default elementor-section-height-default\" data-id=\"5c80e62\" data-element_type=\"section\" data-e-type=\"section\">\n\t\t\t\t\t\t<div class=\"elementor-container elementor-column-gap-default\">\n\t\t\t\t\t<div class=\"elementor-column elementor-col-100 elementor-top-column elementor-element elementor-element-ac00a48\" data-id=\"ac00a48\" data-element_type=\"column\" data-e-type=\"column\">\n\t\t\t<div class=\"elementor-widget-wrap elementor-element-populated\">\n\t\t\t\t\t\t<div class=\"elementor-element elementor-element-422df05 elementor-widget elementor-widget-text-editor\" data-id=\"422df05\" data-element_type=\"widget\" data-e-type=\"widget\" data-widget_type=\"text-editor.default\">\n\t\t\t\t<div class=\"elementor-widget-container\">\n\t\t\t\t\t\t\t\t\t<p>Unsere Kollegen Marco Rehme und Thomas Parthum besuchten vom 03. bis 05 M\u00e4rz die IT-TRANS 2026 in der Messe Karlsruhe. Die internationale Fachmesse f\u00fcr digitale Technologien im \u00f6ffentlichen Verkehr brachte wieder Verkehrsunternehmen, Verkehrsverb\u00fcnde, IT-Unternehmen und Beh\u00f6rden zusammen, um \u00fcber Digitalisierung im \u00f6ffentlichen Verkehr zu sprechen und neue L\u00f6sungen f\u00fcr den \u00d6PNV zu pr\u00e4sentieren.<\/p>\n<p>Unsere Kolleginnen und Kollegen des Leistungszentrums Karlsruhe Mobility &#8211; als unser Partnerstandort des Deutschen Zentrums Mobilit\u00e4t der Zukunft (DZM) &#8211; waren mit ihren Forschungspartnern auf einem Gemeinschaftsstand der TechnologieRegion Karlsruhe vertreten, um ihre Forschungarbeiten im Rahmen des Karlsruhe Mobility Lab vorzustellen.<\/p>\n<p>Auch wir konnten auf der Messe \u00fcber unsere Forschungsaktivt\u00e4ten am SRCC informieren. Vor allem haben wir aber die Zeit vor Ort genutzt, uns mit den Kolleginnen und Kollegen vom Karlsruher Institut f\u00fcr Technologie (KIT) \u00fcber die weitere konsequente Vertiefung der Zusammenarbeit auszutauschen &#8211; auch \u00fcber die auslaufende DZM-F\u00f6rderperiode hinaus.<\/p>\n<p>Konkrete Ansatzpunkte f\u00fcr eine gemeinsame Kooperation zwischen SRCC und KIT in Folgeprojekten ergaben sich insbesondere aus den bei uns am SRCC im Bereich der Vollbahnssysteme (und der zugeh\u00f6rigen Teststrecke im Erzgebirge) bereits gesammelten Erfahrungen f\u00fcr die Forschung und Erprobung des Automatisierten Fahrbetriebs von Schienenfahrzeugen und den in Karlsruhe angedachten Forschungs- und Testaktivit\u00e4ten f\u00fcr einen Automatisierten Fahrbetrieb von Stra\u00dfenbahnen.<\/p>\n<p>Der Austausch zu bisher bereits und zuk\u00fcnftig gewonnenen Erkenntnissen in beiden Teilbereichen des Schienenverkehrs (Vollbahn und Stra\u00dfenbahn) mit ihren teilweise \u00e4hnlichen, teilweise differenzierten Anforderungen wird Synergieeffekte heben und gegenseitig neue Forschungsimpulse geben.\u00a0\u00a0<\/p>\n<p>Es ist das erkl\u00e4rte Ziel der vier DZM-Standorte, neben Annaberg-Buchholz und Karlsruhe auch Minden und Hamburg, nachhaltige Forschungskooperationen aufzubauen und die jeweiligen Innovationsnetzwerke zu schlagkr\u00e4ftigen Akteuren der Forschungslandschaft mit erfolgreichen Projektkonsortien zusammenzuf\u00fchren.<\/p>\t\t\t\t\t\t\t\t<\/div>\n\t\t\t\t<\/div>\n\t\t\t\t\t<\/div>\n\t\t<\/div>\n\t\t\t\t\t<\/div>\n\t\t<\/section>\n\t\t\t\t<section class=\"elementor-section elementor-top-section elementor-element elementor-element-c5913c2 elementor-section-boxed elementor-section-height-default elementor-section-height-default\" data-id=\"c5913c2\" data-element_type=\"section\" data-e-type=\"section\">\n\t\t\t\t\t\t<div class=\"elementor-container elementor-column-gap-default\">\n\t\t\t\t\t<div class=\"elementor-column elementor-col-100 elementor-top-column elementor-element elementor-element-537a2e4\" data-id=\"537a2e4\" data-element_type=\"column\" data-e-type=\"column\">\n\t\t\t<div class=\"elementor-widget-wrap elementor-element-populated\">\n\t\t\t\t\t\t<div class=\"elementor-element elementor-element-b662c44 elementor-widget elementor-widget-image-gallery\" data-id=\"b662c44\" data-element_type=\"widget\" data-e-type=\"widget\" data-widget_type=\"image-gallery.default\">\n\t\t\t\t<div class=\"elementor-widget-container\">\n\t\t\t\t\t\t\t<div class=\"elementor-image-gallery\">\n\t\t\t\n<a data-elementor-open-lightbox=\"yes\" data-elementor-lightbox-slideshow=\"b662c44\" data-elementor-lightbox-title=\"IMG_8083\" data-e-action-hash=\"#elementor-action%3Aaction%3Dlightbox%26settings%3DeyJpZCI6ODAxMCwidXJsIjoiaHR0cHM6XC9cL3d3dy5zbWFydC1yYWlsLWNhbXB1cy5kZVwvd3AtY29udGVudFwvdXBsb2Fkc1wvMjAyNlwvMDNcL0lNR184MDgzLTEuanBlZyIsInNsaWRlc2hvdyI6ImI2NjJjNDQifQ%3D%3D\" href='https:\/\/www.smart-rail-campus.de\/wp-content\/uploads\/2026\/03\/IMG_8083-1.jpeg'><img fetchpriority=\"high\" decoding=\"async\" width=\"300\" height=\"225\" src=\"https:\/\/www.smart-rail-campus.de\/wp-content\/uploads\/2026\/03\/IMG_8083-1-300x225.jpeg\" class=\"attachment-medium size-medium\" alt=\"\" srcset=\"https:\/\/www.smart-rail-campus.de\/wp-content\/uploads\/2026\/03\/IMG_8083-1-300x225.jpeg 300w, https:\/\/www.smart-rail-campus.de\/wp-content\/uploads\/2026\/03\/IMG_8083-1-1024x768.jpeg 1024w, https:\/\/www.smart-rail-campus.de\/wp-content\/uploads\/2026\/03\/IMG_8083-1-768x576.jpeg 768w, https:\/\/www.smart-rail-campus.de\/wp-content\/uploads\/2026\/03\/IMG_8083-1-1536x1152.jpeg 1536w, https:\/\/www.smart-rail-campus.de\/wp-content\/uploads\/2026\/03\/IMG_8083-1.jpeg 2048w\" sizes=\"(max-width: 300px) 100vw, 300px\" \/><\/a>\n<a data-elementor-open-lightbox=\"yes\" data-elementor-lightbox-slideshow=\"b662c44\" data-elementor-lightbox-title=\"Bild2(1)\" data-e-action-hash=\"#elementor-action%3Aaction%3Dlightbox%26settings%3DeyJpZCI6ODAwOSwidXJsIjoiaHR0cHM6XC9cL3d3dy5zbWFydC1yYWlsLWNhbXB1cy5kZVwvd3AtY29udGVudFwvdXBsb2Fkc1wvMjAyNlwvMDNcL0JpbGQyMS1zY2FsZWQuanBnIiwic2xpZGVzaG93IjoiYjY2MmM0NCJ9\" href='https:\/\/www.smart-rail-campus.de\/wp-content\/uploads\/2026\/03\/Bild21-scaled.jpg'><img decoding=\"async\" width=\"300\" height=\"225\" src=\"https:\/\/www.smart-rail-campus.de\/wp-content\/uploads\/2026\/03\/Bild21-300x225.jpg\" class=\"attachment-medium size-medium\" alt=\"\" srcset=\"https:\/\/www.smart-rail-campus.de\/wp-content\/uploads\/2026\/03\/Bild21-300x225.jpg 300w, https:\/\/www.smart-rail-campus.de\/wp-content\/uploads\/2026\/03\/Bild21-1024x768.jpg 1024w, https:\/\/www.smart-rail-campus.de\/wp-content\/uploads\/2026\/03\/Bild21-768x576.jpg 768w, https:\/\/www.smart-rail-campus.de\/wp-content\/uploads\/2026\/03\/Bild21-1536x1152.jpg 1536w, https:\/\/www.smart-rail-campus.de\/wp-content\/uploads\/2026\/03\/Bild21-2048x1536.jpg 2048w\" sizes=\"(max-width: 300px) 100vw, 300px\" \/><\/a>\n\t\t<\/div>\n\t\t\t\t\t\t<\/div>\n\t\t\t\t<\/div>\n\t\t\t\t\t<\/div>\n\t\t<\/div>\n\t\t\t\t\t<\/div>\n\t\t<\/section>\n\t\t\t\t<\/div>\n\t\t","protected":false},"excerpt":{"rendered":"<p>Unsere Kollegen Marco Rehme und Thomas Parthum besuchten vom 03. bis 05 M\u00e4rz die IT-TRANS 2026 in der Messe Karlsruhe. Die internationale Fachmesse f\u00fcr digitale Technologien im \u00f6ffentlichen Verkehr brachte wieder Verkehrsunternehmen, Verkehrsverb\u00fcnde, IT-Unternehmen und Beh\u00f6rden zusammen, um \u00fcber Digitalisierung im \u00f6ffentlichen Verkehr zu sprechen und neue L\u00f6sungen f\u00fcr den \u00d6PNV zu pr\u00e4sentieren. Unsere Kolleginnen [&hellip;]<\/p>\n","protected":false},"author":11,"featured_media":8001,"comment_status":"closed","ping_status":"closed","sticky":false,"template":"","format":"standard","meta":{"footnotes":""},"categories":[1,179,8],"tags":[22,105],"class_list":{"0":"post-8000","1":"post","2":"type-post","3":"status-publish","4":"format-standard","5":"has-post-thumbnail","6":"hentry","7":"category-allgemein","8":"category-dzm","9":"category-news","10":"tag-deutsches-zentrum-mobilitaet-der-zukunft","11":"tag-veranstaltung-de","13":"post-with-thumbnail","14":"post-with-thumbnail-large"},"_links":{"self":[{"href":"https:\/\/www.smart-rail-campus.de\/index.php?rest_route=\/wp\/v2\/posts\/8000","targetHints":{"allow":["GET"]}}],"collection":[{"href":"https:\/\/www.smart-rail-campus.de\/index.php?rest_route=\/wp\/v2\/posts"}],"about":[{"href":"https:\/\/www.smart-rail-campus.de\/index.php?rest_route=\/wp\/v2\/types\/post"}],"author":[{"embeddable":true,"href":"https:\/\/www.smart-rail-campus.de\/index.php?rest_route=\/wp\/v2\/users\/11"}],"replies":[{"embeddable":true,"href":"https:\/\/www.smart-rail-campus.de\/index.php?rest_route=%2Fwp%2Fv2%2Fcomments&post=8000"}],"version-history":[{"count":10,"href":"https:\/\/www.smart-rail-campus.de\/index.php?rest_route=\/wp\/v2\/posts\/8000\/revisions"}],"predecessor-version":[{"id":8013,"href":"https:\/\/www.smart-rail-campus.de\/index.php?rest_route=\/wp\/v2\/posts\/8000\/revisions\/8013"}],"wp:featuredmedia":[{"embeddable":true,"href":"https:\/\/www.smart-rail-campus.de\/index.php?rest_route=\/wp\/v2\/media\/8001"}],"wp:attachment":[{"href":"https:\/\/www.smart-rail-campus.de\/index.php?rest_route=%2Fwp%2Fv2%2Fmedia&parent=8000"}],"wp:term":[{"taxonomy":"category","embeddable":true,"href":"https:\/\/www.smart-rail-campus.de\/index.php?rest_route=%2Fwp%2Fv2%2Fcategories&post=8000"},{"taxonomy":"post_tag","embeddable":true,"href":"https:\/\/www.smart-rail-campus.de\/index.php?rest_route=%2Fwp%2Fv2%2Ftags&post=8000"}],"curies":[{"name":"wp","href":"https:\/\/api.w.org\/{rel}","templated":true}]}}